{"id":3565,"date":"2025-05-14T10:38:24","date_gmt":"2025-05-14T10:38:24","guid":{"rendered":"https:\/\/informacionlocal.es\/die-pregonera-der-festlichkeiten-von-antigua-2025-wird-pepa-hernandez-jordan-sein\/"},"modified":"2025-05-14T10:38:24","modified_gmt":"2025-05-14T10:38:24","slug":"die-pregonera-der-festlichkeiten-von-antigua-2025-wird-pepa-hernandez-jordan-sein","status":"publish","type":"post","link":"https:\/\/informacionlocal.es\/de\/die-pregonera-der-festlichkeiten-von-antigua-2025-wird-pepa-hernandez-jordan-sein\/","title":{"rendered":"Die Pregonera der Festlichkeiten von Antigua 2025 wird Pepa Hern\u00e1ndez Jord\u00e1n sein."},"content":{"rendered":"<div class=\"elementor-widget-container\">\n<p><strong>Die Pregonera der Festlichkeiten von Antigua 2025 wird Pepa Hern\u00e1ndez Jord\u00e1n sein.<\/strong><\/p>\n<p><strong>&#8211; B\u00fcrgermeister und Stadtrat schlagen Pepa Hern\u00e1ndez als Ausruferin f\u00fcr die Fiestas zu Ehren von Nuestra Se\u00f1ora de La Antigua vor.  <\/strong><br \/><strong>&#8211; Pepa Hern\u00e1ndez ist eine mutige Frau, die von klein auf an den Fiestas de Antigua teilgenommen hat, eine treibende Kraft hinter Vereinen, Rondallas und Workshops. Sie ist eine Ausruferin der Extraklasse, die viel zu erz\u00e4hlen und nichts zu verschweigen hat, sagt der B\u00fcrgermeister Mat\u00edas Pe\u00f1a.<\/strong><\/p>\n<p>Der B\u00fcrgermeister Mat\u00edas Pe\u00f1a und der Stadtrat f\u00fcr Festlichkeiten Pedro Armas besuchten am Mittwochmorgen, den 14. Mai, das Haus von Pepa Hern\u00e1ndez Jord\u00e1n, um ihr offiziell die Aufgabe der Pregonera der Fiestas de Antigua 2025 vorzuschlagen.<\/p>\n<p>Du, Pepa, bist eine mutige Frau, die von klein auf an den Fiestas de Antigua teilgenommen hat, eine treibende Kraft in den Vereinen, Rondallas und Workshops. Du bist eine luxuri\u00f6se Pregonera f\u00fcr die Fiestas de Antigua, sagte der B\u00fcrgermeister zu ihr nach Hause und f\u00fcgte hinzu, dass sie viel zu erz\u00e4hlen und nichts zu verschweigen habe.<\/p>\n<p>Ich habe mich mit dem Rondalla El Campillo \u00fcber ihren Vorschlag beraten, und alle Mitglieder haben mich ermutigt, zu antworten, dass, wenn ich gebeten werde, dies zu tun, Pepa Hern\u00e1ndez antwortete, es eine Freude, aber auch eine Verantwortung sein wird, denn ich m\u00f6chte mich an die kalten N\u00e4chte in den H\u00e4usern erinnern, an die Zeiten der Anstrengung, der gro\u00dfen Familien, der Gro\u00dfz\u00fcgigkeit und der Lebensmittelkarten, an Beschr\u00e4nkungen, die es notwendig machten, einander zu helfen, Respekt zu lehren, beizutragen, f\u00fcr alles da zu sein, was gebraucht wurde, die Ernte vorzubereiten, Steine zu sammeln, Mauern und H\u00e4user zu restaurieren, der Gro\u00dfz\u00fcgigkeit und der Lebensmittelkarten, Einschr\u00e4nkungen, die die Menschen zwangen, einander zu helfen, Respekt zu lehren, beizutragen, f\u00fcr alles da zu sein, was gebraucht wurde, Ernten vorzubereiten, Steine zu heben, Mauern und H\u00e4user zu restaurieren, Eimer mit Wasser oder Ziegenmilch zu tragen und zu bringen, und eine endlose Liste von Aufgaben. Ich m\u00f6chte auch an so viele denken, die nicht mehr hier sind und die so viel beigetragen haben und so viel bedeuteten&#8220;, f\u00fcgt die Pregonera hinzu. <\/p>\n<p>Seitdem der B\u00fcrgermeister Pepa Hern\u00e1ndez Jord\u00e1n als Pregonera der Fiestas de Antigua 2025 vorgeschlagen hat, wurde die Idee von der Fiestas-Kommission gut aufgenommen, sagt Stadtrat Pedro Armas, weil sie immer arbeitet und den Karren zieht und immer mehr \u00fcbrig l\u00e4sst, als sie einnimmt.<\/p>\n<\/p>\n<\/div>\n","protected":false},"excerpt":{"rendered":"<p><strong>Die Pregonera der Festlichkeiten von Antigua 2025 wird Pepa Hern\u00e1ndez Jord\u00e1n sein.<\/strong><\/p>\n","protected":false},"author":1,"featured_media":3562,"comment_status":"open","ping_status":"open","sticky":false,"template":"","format":"standard","meta":{"inline_featured_image":false,"jnews-multi-image_gallery":[],"jnews_single_post":[],"jnews_primary_category":[],"jnews_social_meta":[],"jnews_override_counter":[],"jnews_post_split":[],"footnotes":""},"categories":[283],"tags":[],"class_list":["post-3565","post","type-post","status-publish","format-standard","has-post-thumbnail","hentry","category-antigua-de"],"jetpack_featured_media_url":"https:\/\/informacionlocal.es\/wp-content\/uploads\/2025\/05\/la-pregonera-de-las-fiestas-de-antigua-2025-sera-pepa-hernandez-1-scaled-1.jpg","_links":{"self":[{"href":"https:\/\/informacionlocal.es\/de\/wp-json\/wp\/v2\/posts\/3565","targetHints":{"allow":["GET"]}}],"collection":[{"href":"https:\/\/informacionlocal.es\/de\/wp-json\/wp\/v2\/posts"}],"about":[{"href":"https:\/\/informacionlocal.es\/de\/wp-json\/wp\/v2\/types\/post"}],"author":[{"embeddable":true,"href":"https:\/\/informacionlocal.es\/de\/wp-json\/wp\/v2\/users\/1"}],"replies":[{"embeddable":true,"href":"https:\/\/informacionlocal.es\/de\/wp-json\/wp\/v2\/comments?post=3565"}],"version-history":[{"count":0,"href":"https:\/\/informacionlocal.es\/de\/wp-json\/wp\/v2\/posts\/3565\/revisions"}],"wp:featuredmedia":[{"embeddable":true,"href":"https:\/\/informacionlocal.es\/de\/wp-json\/wp\/v2\/media\/3562"}],"wp:attachment":[{"href":"https:\/\/informacionlocal.es\/de\/wp-json\/wp\/v2\/media?parent=3565"}],"wp:term":[{"taxonomy":"category","embeddable":true,"href":"https:\/\/informacionlocal.es\/de\/wp-json\/wp\/v2\/categories?post=3565"},{"taxonomy":"post_tag","embeddable":true,"href":"https:\/\/informacionlocal.es\/de\/wp-json\/wp\/v2\/tags?post=3565"}],"curies":[{"name":"wp","href":"https:\/\/api.w.org\/{rel}","templated":true}]}}