{"id":3554,"date":"2025-05-14T09:20:11","date_gmt":"2025-05-14T09:20:11","guid":{"rendered":"https:\/\/informacionlocal.es\/la-oliva-arbeitet-an-einem-dokument-das-den-umgang-mit-kommunalen-gruenflaechen-regelt\/"},"modified":"2025-05-14T09:20:11","modified_gmt":"2025-05-14T09:20:11","slug":"la-oliva-arbeitet-an-einem-dokument-das-den-umgang-mit-kommunalen-gruenflaechen-regelt","status":"publish","type":"post","link":"https:\/\/informacionlocal.es\/de\/la-oliva-arbeitet-an-einem-dokument-das-den-umgang-mit-kommunalen-gruenflaechen-regelt\/","title":{"rendered":"La Oliva arbeitet an einem Dokument, das den Umgang mit kommunalen Gr\u00fcnfl\u00e4chen regelt."},"content":{"rendered":"<p>Am Vormittag des 13. Mai wurde im Verein Ra\u00edz del Pueblo de La Oliva der Baumplan und die gr\u00fcnen Korridore der Gemeinde La Oliva vorgestellt, ein grundlegendes Instrument, um mit professionellen Kriterien die Zukunft der Vegetationslandschaft der Gemeinde zu planen, unter der Pr\u00e4misse der Anpassung an die klimatischen Herausforderungen, der Verbesserung der Lebensqualit\u00e4t der B\u00fcrger und der F\u00f6rderung eines Netzes effizienter Gr\u00fcnfl\u00e4chen, die beschattet sind und mit der \u00f6kologischen Realit\u00e4t von La Oliva \u00fcbereinstimmen.  <\/p>\n<p>Dieses Projekt wird von der Abteilung f\u00fcr Umwelt und Tourismus der Stadtverwaltung von La Oliva unter der Leitung von David Fajardo gef\u00f6rdert und ist Teil der Ma\u00dfnahmen des Plans f\u00fcr touristische Nachhaltigkeit f\u00fcr Reiseziele &#8222;Nat\u00fcrlich La Oliva&#8220;, der von der Europ\u00e4ischen Union &#8211; Next Generation EU finanziert wird.<\/p>\n<p>Die Studie wurde von einem multidisziplin\u00e4ren Team erstellt, das sich unter anderem aus Architekten, Juristen, Geographen, Umweltexperten, Ingenieuren, Soziologen und Wirtschaftswissenschaftlern zusammensetzt, und gliedert sich in drei Bl\u00f6cke: eine erste Diagnose, eine mittel- und langfristige Strategie und eine Reihe konkreter Vorschl\u00e4ge f\u00fcr Ma\u00dfnahmen.<\/p>\n<p>W\u00e4hrend der Pr\u00e4sentation erkl\u00e4rte Stadtrat David Fajardo: &#8222;Mit diesen Pl\u00e4nen zur Nachhaltigkeit des Tourismus und den europ\u00e4ischen Mitteln, \u00fcber die wir im Stadtrat von La Oliva verf\u00fcgen, hatten wir einen Baumplan und gr\u00fcne Korridore in Auftrag gegeben, und heute, an diesem ersten Arbeitstisch, haben wir eine Vorschau auf dieses Dokument erhalten. Gemeinsam mit dem Regierungsteam und mit Unterst\u00fctzung des Redaktionsteams haben wir eine Diagnose erstellt, die es uns erm\u00f6glichen wird, festzustellen, welche Arten und an welchen Standorten die Verwaltung t\u00e4tig werden sollte, um die Bepflanzung der Gemeinde vorzunehmen, wobei wir stets unsere wertvollen endemischen Arten respektieren und auf eine gr\u00fcnere Gemeinde setzen&#8220;.<\/p>\n<p>&#8222;Es ist wichtig, dass unsere Gr\u00fcnfl\u00e4chen gut genutzt werden, dass die Bepflanzung effizient geplant wird, dass angemessene Bew\u00e4sserungssysteme vorhanden sind, dass schattige Bereiche geschaffen werden und dass umweltfreundlich geg\u00e4rtnert wird&#8220;, f\u00fcgte die Stadtr\u00e4tin hinzu.<\/p>\n<p>Endemische Arten f\u00fcr ein angepasstes und respektvolles gr\u00fcnes Netz<\/p>\n<p>Eines der Schl\u00fcsselelemente des Plans ist die sorgf\u00e4ltige und fachgerechte Auswahl der Pflanzenarten, wobei einheimischen Arten, die auf der Insel bereits nat\u00fcrlich vorkommen, stets der Vorzug gegeben und die Verwendung von Exemplaren aus anderen Regionen vermieden wird.<\/p>\n<p>Zu den vorgeschlagenen Arten geh\u00f6ren:<\/p>\n<p>  &#8211; Baumarten: Tarajal, Acebuche, Kanarische Palme.<br \/>  &#8211; Strauchig: Verode, S\u00fc\u00dfe Tabaiba, Wilde Tabaiba, Wei\u00dfdorn, Meerthymian.<br \/>  &#8211; Krautiger Lebensraum: Seesalat, Pulicaria purpuraria und andere einheimische Arten, die an das lokale Substrat angepasst sind.<\/p>\n<p>Diese Auswahl wurde getroffen, um die pflanzliche Identit\u00e4t des Gebiets zu respektieren, den Wasserverbrauch zu minimieren, die lokale Artenvielfalt zu f\u00f6rdern und schattige Bereiche zu schaffen, die die Bewohnbarkeit von Pl\u00e4tzen, Parks und Stra\u00dfen in der Gemeinde beg\u00fcnstigen.<\/p>\n<p>F\u00fcnf Ziele f\u00fcr eine ausgewogenere Umwelt<\/p>\n<p>Die Strategie des Plans ist auf f\u00fcnf Hauptziele ausgerichtet:<\/p>\n<p>  1. Schutz der biologischen Vielfalt und Erhaltung der nat\u00fcrlichen Ressourcen.<br \/>  2. Verhinderung der W\u00fcstenbildung durch geeignete Ma\u00dfnahmen.<br \/>  3. Anpassung des Gebiets an den Klimawandel durch naturnahe L\u00f6sungen.<br \/>  4. F\u00f6rderung einer mit der Landschaft verbundenen Wirtschaft und eines verantwortungsvollen Tourismus.<br \/>  5. F\u00f6rderung von Partizipation und Umweltmanagement unter Einbeziehung von Wissenschaft und Gemeinschaft.<\/p>\n<p>Der B\u00fcrgermeister von La Oliva, Isa\u00ed Blanco, hob die Bedeutung eines solchen technischen Dokuments als Grundlage f\u00fcr eine realistische Planung hervor: &#8222;Dieser Plan dient nicht nur der Landschaftspflege, sondern verbessert auch die Lebensqualit\u00e4t der Menschen, indem er Schatten, ein neues Image und ein \u00f6kologisches Gleichgewicht f\u00fcr unsere st\u00e4dtischen und l\u00e4ndlichen Gebiete in La Oliva schafft&#8220;.<\/p>\n<p>Dieser Fortschritt markiert den Beginn eines Prozesses, der progressiv, offen f\u00fcr Anpassungen und neue Priorit\u00e4ten sein wird, immer mit dem Ziel, eine gr\u00fcnere Gemeinde zu schaffen, die sich ihrer nat\u00fcrlichen Umgebung bewusst ist und sich ihr anpasst.<\/p>\n","protected":false},"excerpt":{"rendered":"<p><span>Mit dem Plan de Arbolado y Corredores Verdes gibt das Konsistorium den Fahrplan vor, der die Art der Flora festlegt, die sowohl bei der Schaffung neuer als auch bei bestehenden Gebieten verwendet werden soll.<\/span><\/p>\n","protected":false},"author":1,"featured_media":3538,"comment_status":"open","ping_status":"open","sticky":false,"template":"","format":"standard","meta":{"inline_featured_image":false,"jnews-multi-image_gallery":[],"jnews_single_post":[],"jnews_primary_category":[],"jnews_social_meta":[],"jnews_override_counter":[],"jnews_post_split":[],"footnotes":""},"categories":[291],"tags":[199],"class_list":["post-3554","post","type-post","status-publish","format-standard","has-post-thumbnail","hentry","category-la-oliva-de","tag-umwelt"],"jetpack_featured_media_url":"https:\/\/informacionlocal.es\/wp-content\/uploads\/2025\/05\/5196_6b2e1e57.png","_links":{"self":[{"href":"https:\/\/informacionlocal.es\/de\/wp-json\/wp\/v2\/posts\/3554","targetHints":{"allow":["GET"]}}],"collection":[{"href":"https:\/\/informacionlocal.es\/de\/wp-json\/wp\/v2\/posts"}],"about":[{"href":"https:\/\/informacionlocal.es\/de\/wp-json\/wp\/v2\/types\/post"}],"author":[{"embeddable":true,"href":"https:\/\/informacionlocal.es\/de\/wp-json\/wp\/v2\/users\/1"}],"replies":[{"embeddable":true,"href":"https:\/\/informacionlocal.es\/de\/wp-json\/wp\/v2\/comments?post=3554"}],"version-history":[{"count":0,"href":"https:\/\/informacionlocal.es\/de\/wp-json\/wp\/v2\/posts\/3554\/revisions"}],"wp:featuredmedia":[{"embeddable":true,"href":"https:\/\/informacionlocal.es\/de\/wp-json\/wp\/v2\/media\/3538"}],"wp:attachment":[{"href":"https:\/\/informacionlocal.es\/de\/wp-json\/wp\/v2\/media?parent=3554"}],"wp:term":[{"taxonomy":"category","embeddable":true,"href":"https:\/\/informacionlocal.es\/de\/wp-json\/wp\/v2\/categories?post=3554"},{"taxonomy":"post_tag","embeddable":true,"href":"https:\/\/informacionlocal.es\/de\/wp-json\/wp\/v2\/tags?post=3554"}],"curies":[{"name":"wp","href":"https:\/\/api.w.org\/{rel}","templated":true}]}}