{"id":3550,"date":"2025-05-14T09:32:39","date_gmt":"2025-05-14T09:32:39","guid":{"rendered":"https:\/\/informacionlocal.es\/prozession-rondallas-und-volkstuemlicher-trinkspruch-zum-abschluss-des-festes-von-triquivijate-am-donnerstag\/"},"modified":"2025-05-14T09:32:39","modified_gmt":"2025-05-14T09:32:39","slug":"prozession-rondallas-und-volkstuemlicher-trinkspruch-zum-abschluss-des-festes-von-triquivijate-am-donnerstag","status":"publish","type":"post","link":"https:\/\/informacionlocal.es\/de\/prozession-rondallas-und-volkstuemlicher-trinkspruch-zum-abschluss-des-festes-von-triquivijate-am-donnerstag\/","title":{"rendered":"Prozession, Rondallas und volkst\u00fcmlicher Trinkspruch zum Abschluss des Festes von Triquivijate am Donnerstag"},"content":{"rendered":"<div class=\"elementor-widget-container\">\n<p><strong>Prozession, Rondallas und volkst\u00fcmlicher Trinkspruch zum Abschluss des Festes von Triquivijate am Donnerstag<\/strong><\/p>\n<p><strong>&#8211; Triquivijate feiert am Donnerstag, den 15. Mai, den Haupttag seines Patronatsfestes mit einer religi\u00f6sen Zeremonie und einer Prozession zu Ehren von San Isidro Labrador und Santa Mar\u00eda de La Cabeza.<\/strong><\/p>\n<p><strong>&#8211; Die beliebten Brindis mit dem Rondalla des Centro de Mayores de Antigua, die Parranda de Juan Pe\u00f1a und das D\u00fao Voces de Antonio y Loly rundeten die Fiestas de Triquivijate ab.<\/strong><\/p>\n<p>An diesem Donnerstag feiern die Patronatsfeste von Triquivijate ihren Haupttag mit den Gottesdiensten und der Prozession zu Ehren von San Isidro Labrador und Santa Mar\u00eda de La cabeza ab 19:00 Uhr, gefolgt von einem abschlie\u00dfenden Toast auf der Plaza de Maca La Maestra, bei dem die Rondalla des Centro de Mayores de Antigua, die Rondalla von Juan Pe\u00f1a und die Volkslieder des D\u00fao Voces de Antonio y Loly zu h\u00f6ren sind.<\/p>\n<p>Die Triquivijate-Feierlichkeiten wurden mit der Festkommission organisiert, der ich f\u00fcr ihr Engagement danke, sagt der Stadtrat von Antigua, Pedro Armas. Sie haben ihr Bestes gegeben, um ein famili\u00e4res Fest zu bieten, das ohne Zwischenf\u00e4lle genossen wurde, mit einem Programm f\u00fcr jeden Geschmack und jedes Alter.<\/p>\n<p>Die Patronatsfeste, f\u00fcgt B\u00fcrgermeister Mat\u00edas Pe\u00f1a hinzu, werden mit einem f\u00fcr jedes Dorf gleichen Budget durchgef\u00fchrt, das nur f\u00fcr die Fiestas de Antigua erh\u00f6ht wird.<\/p>\n<p>Ein Budget f\u00fcr die Patronatsfeste in den D\u00f6rfern zu haben, bedeutet nicht, weniger zu genie\u00dfen, sondern das Geld besser und mit mehr Kriterien f\u00fcr die Auff\u00fchrungen, die Anmietung von Ausr\u00fcstung, K\u00fcnstlern und Shows auszugeben, schlie\u00dft der B\u00fcrgermeister Mat\u00edas Pe\u00f1a.<\/p>\n<\/p>\n<\/div>\n","protected":false},"excerpt":{"rendered":"<p><strong>Prozession, Rondallas und volkst\u00fcmlicher Trinkspruch zum Abschluss der Fiestas von Triquivijate am Donnerstag<\/strong><\/p>\n","protected":false},"author":1,"featured_media":3546,"comment_status":"open","ping_status":"open","sticky":false,"template":"","format":"standard","meta":{"inline_featured_image":false,"jnews-multi-image_gallery":[],"jnews_single_post":[],"jnews_primary_category":[],"jnews_social_meta":[],"jnews_override_counter":[],"jnews_post_split":[],"footnotes":""},"categories":[283],"tags":[],"class_list":["post-3550","post","type-post","status-publish","format-standard","has-post-thumbnail","hentry","category-antigua-de"],"jetpack_featured_media_url":"https:\/\/informacionlocal.es\/wp-content\/uploads\/2025\/05\/exito-romeria-triquivijate-2025-2.jpg","_links":{"self":[{"href":"https:\/\/informacionlocal.es\/de\/wp-json\/wp\/v2\/posts\/3550","targetHints":{"allow":["GET"]}}],"collection":[{"href":"https:\/\/informacionlocal.es\/de\/wp-json\/wp\/v2\/posts"}],"about":[{"href":"https:\/\/informacionlocal.es\/de\/wp-json\/wp\/v2\/types\/post"}],"author":[{"embeddable":true,"href":"https:\/\/informacionlocal.es\/de\/wp-json\/wp\/v2\/users\/1"}],"replies":[{"embeddable":true,"href":"https:\/\/informacionlocal.es\/de\/wp-json\/wp\/v2\/comments?post=3550"}],"version-history":[{"count":0,"href":"https:\/\/informacionlocal.es\/de\/wp-json\/wp\/v2\/posts\/3550\/revisions"}],"wp:featuredmedia":[{"embeddable":true,"href":"https:\/\/informacionlocal.es\/de\/wp-json\/wp\/v2\/media\/3546"}],"wp:attachment":[{"href":"https:\/\/informacionlocal.es\/de\/wp-json\/wp\/v2\/media?parent=3550"}],"wp:term":[{"taxonomy":"category","embeddable":true,"href":"https:\/\/informacionlocal.es\/de\/wp-json\/wp\/v2\/categories?post=3550"},{"taxonomy":"post_tag","embeddable":true,"href":"https:\/\/informacionlocal.es\/de\/wp-json\/wp\/v2\/tags?post=3550"}],"curies":[{"name":"wp","href":"https:\/\/api.w.org\/{rel}","templated":true}]}}