{"id":3529,"date":"2025-05-13T14:07:50","date_gmt":"2025-05-13T14:07:50","guid":{"rendered":"https:\/\/informacionlocal.es\/die-anmeldung-fuer-das-xx-festival-de-la-cancion-playa-de-la-cebada-ist-ab-sofort-moeglich\/"},"modified":"2025-05-13T14:07:50","modified_gmt":"2025-05-13T14:07:50","slug":"die-anmeldung-fuer-das-xx-festival-de-la-cancion-playa-de-la-cebada-ist-ab-sofort-moeglich","status":"publish","type":"post","link":"https:\/\/informacionlocal.es\/de\/die-anmeldung-fuer-das-xx-festival-de-la-cancion-playa-de-la-cebada-ist-ab-sofort-moeglich\/","title":{"rendered":"Die Anmeldung f\u00fcr das XX Festival de la Canci\u00f3n Playa de la Cebada ist ab sofort m\u00f6glich."},"content":{"rendered":"<div class=\"entry-content\">\n<p><b><i>Der Wettbewerb bringt zehn K\u00fcnstler bei einer Gala mit Live-Musik und Geldpreisen von bis zu 1.000 Euro zusammen.  <\/i><\/b><\/p>\n<p><span>Die Kulturabteilung des Rathauses von P\u00e1jara gibt die Er\u00f6ffnung der Anmeldefrist f\u00fcr die Teilnahme am XX Festival de la Canci\u00f3n Playa de la Cebada bekannt. Von Montag, dem 12. Mai, bis zum 30. Juni k\u00f6nnen sich alle Personen ab 16 Jahren anmelden, die an der diesj\u00e4hrigen Ausgabe teilnehmen m\u00f6chten.   <\/span><\/p>\n<p><span>Anmeldungen k\u00f6nnen durch Scannen des QR-Codes auf dem offiziellen Plakat, \u00fcber den in den offiziellen sozialen Netzwerken des Konsistoriums bereitgestellten Link oder per E-Mail an <\/span><span>festivalcancionplayadelacebada@gmail.com<\/span><span>. <\/span> <\/p>\n<p><span>Zusammen mit der Anmeldung m\u00fcssen die Teilnehmer eine Aufnahme des ausgew\u00e4hlten Liedes einsenden, die als Grundlage f\u00fcr die Auswahl der zehn Finalisten dient, die an der Festivalgala teilnehmen werden. Es ist zu beachten, dass die Songs nach der Anmeldung nicht mehr ge\u00e4ndert werden k\u00f6nnen.   <\/span><\/p>\n<p><span>Die Stadtr\u00e4tin f\u00fcr Kultur, Raquel Acosta, bringt ihre Begeisterung f\u00fcr diese neue Ausgabe zum Ausdruck. &#8222;In diesem Jahr setzen wir auf Talente mit mehr Kraft und integrieren f\u00fcr diese zwanzigste Ausgabe Live-Musik, die die Gala bereichern und den Auff\u00fchrungen eine h\u00f6here Qualit\u00e4t verleihen wird. Wir laden alle Stimmen aus der Gemeinde und dar\u00fcber hinaus ein, mitzumachen und ihr Talent auf der B\u00fchne der Playa de la Cebada zu pr\u00e4sentieren&#8220;, f\u00fcgt er hinzu.   <\/span><\/p>\n<p><span>Die Finalisten konkurrieren um zwei Hauptpreise: einen ersten Preis mit einem Nominierungsscheck \u00fcber 1.000 Euro und einen zweiten Preis mit einem Nominierungsscheck \u00fcber 500 Euro.  <\/span><\/p>\n<p><span>F\u00fcr weitere Informationen k\u00f6nnen sich Interessierte an folgende Adresse wenden <\/span><span>festivalcancionplayadelacebada@gmail.com<\/span><span> oder telefonisch unter 928 54 19 77. <\/span> <\/p>\n<div>Teilen Sie<\/div>\n<\/div>\n","protected":false},"excerpt":{"rendered":"<p><i>Der Wettbewerb bringt zehn K\u00fcnstler bei einer Gala mit Live-Musik und Geldpreisen von bis zu 1.000 Euro zusammen.  <\/i><\/p>\n","protected":false},"author":1,"featured_media":3526,"comment_status":"open","ping_status":"open","sticky":false,"template":"","format":"standard","meta":{"inline_featured_image":false,"jnews-multi-image_gallery":[],"jnews_single_post":[],"jnews_primary_category":[],"jnews_social_meta":[],"jnews_override_counter":[],"jnews_post_split":[],"footnotes":""},"categories":[297],"tags":[],"class_list":["post-3529","post","type-post","status-publish","format-standard","has-post-thumbnail","hentry","category-pajara-de"],"jetpack_featured_media_url":"https:\/\/informacionlocal.es\/wp-content\/uploads\/2025\/05\/imagen-de-whatsapp-2025-05-12-a-las-20-57-03_51d52ee1.jpg","_links":{"self":[{"href":"https:\/\/informacionlocal.es\/de\/wp-json\/wp\/v2\/posts\/3529","targetHints":{"allow":["GET"]}}],"collection":[{"href":"https:\/\/informacionlocal.es\/de\/wp-json\/wp\/v2\/posts"}],"about":[{"href":"https:\/\/informacionlocal.es\/de\/wp-json\/wp\/v2\/types\/post"}],"author":[{"embeddable":true,"href":"https:\/\/informacionlocal.es\/de\/wp-json\/wp\/v2\/users\/1"}],"replies":[{"embeddable":true,"href":"https:\/\/informacionlocal.es\/de\/wp-json\/wp\/v2\/comments?post=3529"}],"version-history":[{"count":0,"href":"https:\/\/informacionlocal.es\/de\/wp-json\/wp\/v2\/posts\/3529\/revisions"}],"wp:featuredmedia":[{"embeddable":true,"href":"https:\/\/informacionlocal.es\/de\/wp-json\/wp\/v2\/media\/3526"}],"wp:attachment":[{"href":"https:\/\/informacionlocal.es\/de\/wp-json\/wp\/v2\/media?parent=3529"}],"wp:term":[{"taxonomy":"category","embeddable":true,"href":"https:\/\/informacionlocal.es\/de\/wp-json\/wp\/v2\/categories?post=3529"},{"taxonomy":"post_tag","embeddable":true,"href":"https:\/\/informacionlocal.es\/de\/wp-json\/wp\/v2\/tags?post=3529"}],"curies":[{"name":"wp","href":"https:\/\/api.w.org\/{rel}","templated":true}]}}