{"id":3517,"date":"2025-05-13T11:56:36","date_gmt":"2025-05-13T11:56:36","guid":{"rendered":"https:\/\/informacionlocal.es\/erfolgreicher-abschluss-des-curso-de-manipulador-de-alimentos-des-rathauses-von-la-oliva\/"},"modified":"2025-05-13T11:56:36","modified_gmt":"2025-05-13T11:56:36","slug":"erfolgreicher-abschluss-des-curso-de-manipulador-de-alimentos-des-rathauses-von-la-oliva","status":"publish","type":"post","link":"https:\/\/informacionlocal.es\/de\/erfolgreicher-abschluss-des-curso-de-manipulador-de-alimentos-des-rathauses-von-la-oliva\/","title":{"rendered":"Erfolgreicher Abschluss des &#8222;Curso de Manipulador de Alimentos&#8220; des Rathauses von La Oliva"},"content":{"rendered":"<p>Die Stadtverwaltung von La Oliva hat \u00fcber die Abteilung f\u00fcr lokale Entwicklung unter der Leitung von Alexandra Mart\u00edn zusammen mit der Abteilung f\u00fcr \u00f6ffentliche Gesundheit unter der Leitung von Christian Rodr\u00edguez am 8. und 9. Mai erfolgreich den &#8222;Curso de Manipulador de Alimentos&#8220; (Lebensmittelhandhabungskurs) durchgef\u00fchrt. Mit der doppelten Anzahl von Teilnehmern im Vergleich zu fr\u00fcheren Ausgaben erreichte die Schulung eine Rekordbeteiligung. So nahmen mehr als 40 Studenten an diesem Kurs teil, der im st\u00e4dtischen Auditorium von Corralejo stattfand.    <\/p>\n<p>Der B\u00fcrgermeister von La Oliva, Isa\u00ed Blanco, betont: &#8222;Die Zahl der Teilnehmer an diesem Kurs zeigt das wachsende Interesse an dieser Ausbildung. Es besteht kein Zweifel daran, dass das Gastst\u00e4ttengewerbe in unserer Gemeinde ein wesentlicher Bestandteil des Arbeitsmarktes ist, daher ist es wichtig, die erforderlichen Gesundheits- und Ausbildungsstandards einzuhalten&#8220;.  <\/p>\n<p>Alexandra Mart\u00edn, Stadtr\u00e4tin f\u00fcr lokale Entwicklung, sagte: &#8222;Der Stadtrat arbeitet weiterhin mit Enthusiasmus an der F\u00f6rderung der beruflichen Entwicklung in der Region. Das wachsende Interesse der Bev\u00f6lkerung ist zweifelsohne ein positives Zeichen daf\u00fcr, dass wir auf dem richtigen Weg sind. Der Stadtrat f\u00fcr \u00f6ffentliche Gesundheit, Christian Rodr\u00edguez, sagte: &#8222;Wir freuen uns \u00fcber das Engagement der B\u00fcrger, sich weiterzubilden und unter Einhaltung der hygienisch-sanit\u00e4ren Bedingungen zu arbeiten, die in der Arbeitswelt erforderlich sind.&#8220;   <\/p>\n<p>Diese Aktion entspricht der Verpflichtung der lokalen Regierung, die Ausbildung von Unternehmen und B\u00fcrgern der Gemeinde zu f\u00f6rdern. Weitere Informationen erhalten Sie in den institutionellen Medien oder direkt beim B\u00fcrgermeisteramt von Corralejo, wo Sie sich an die Abteilung f\u00fcr lokale Entwicklung wenden k\u00f6nnen, um alles \u00fcber Kurse und Besch\u00e4ftigungsf\u00e4higkeit zu erfahren. <\/p>\n","protected":false},"excerpt":{"rendered":"<p><span>Das Konsistorium schlie\u00dft die am 8. und 9. Mai durchgef\u00fchrte Schulung mit einer Rekordbeteiligung ab<\/span><\/p>\n","protected":false},"author":1,"featured_media":3514,"comment_status":"open","ping_status":"open","sticky":false,"template":"","format":"standard","meta":{"inline_featured_image":false,"jnews-multi-image_gallery":[],"jnews_single_post":[],"jnews_primary_category":[],"jnews_social_meta":[],"jnews_override_counter":[],"jnews_post_split":[],"footnotes":""},"categories":[291],"tags":[],"class_list":["post-3517","post","type-post","status-publish","format-standard","has-post-thumbnail","hentry","category-la-oliva-de"],"jetpack_featured_media_url":"https:\/\/informacionlocal.es\/wp-content\/uploads\/2025\/05\/5195_ac85adf9.png","_links":{"self":[{"href":"https:\/\/informacionlocal.es\/de\/wp-json\/wp\/v2\/posts\/3517","targetHints":{"allow":["GET"]}}],"collection":[{"href":"https:\/\/informacionlocal.es\/de\/wp-json\/wp\/v2\/posts"}],"about":[{"href":"https:\/\/informacionlocal.es\/de\/wp-json\/wp\/v2\/types\/post"}],"author":[{"embeddable":true,"href":"https:\/\/informacionlocal.es\/de\/wp-json\/wp\/v2\/users\/1"}],"replies":[{"embeddable":true,"href":"https:\/\/informacionlocal.es\/de\/wp-json\/wp\/v2\/comments?post=3517"}],"version-history":[{"count":0,"href":"https:\/\/informacionlocal.es\/de\/wp-json\/wp\/v2\/posts\/3517\/revisions"}],"wp:featuredmedia":[{"embeddable":true,"href":"https:\/\/informacionlocal.es\/de\/wp-json\/wp\/v2\/media\/3514"}],"wp:attachment":[{"href":"https:\/\/informacionlocal.es\/de\/wp-json\/wp\/v2\/media?parent=3517"}],"wp:term":[{"taxonomy":"category","embeddable":true,"href":"https:\/\/informacionlocal.es\/de\/wp-json\/wp\/v2\/categories?post=3517"},{"taxonomy":"post_tag","embeddable":true,"href":"https:\/\/informacionlocal.es\/de\/wp-json\/wp\/v2\/tags?post=3517"}],"curies":[{"name":"wp","href":"https:\/\/api.w.org\/{rel}","templated":true}]}}