{"id":3494,"date":"2025-05-13T10:23:51","date_gmt":"2025-05-13T10:23:51","guid":{"rendered":"https:\/\/informacionlocal.es\/die-dritte-antigua-se-mueve-trekkingroute-wird-an-der-apanada-de-lo-alto-del-jurado-teilnehmen\/"},"modified":"2025-05-13T10:23:51","modified_gmt":"2025-05-13T10:23:51","slug":"die-dritte-antigua-se-mueve-trekkingroute-wird-an-der-apanada-de-lo-alto-del-jurado-teilnehmen","status":"publish","type":"post","link":"https:\/\/informacionlocal.es\/de\/die-dritte-antigua-se-mueve-trekkingroute-wird-an-der-apanada-de-lo-alto-del-jurado-teilnehmen\/","title":{"rendered":"Die dritte Antigua se mueve-Trekkingroute wird an der Apa\u00f1ada de lo alto del Jurado teilnehmen"},"content":{"rendered":"<div class=\"elementor-widget-container\">\n<p><strong>Die dritte Antigua se mueve-Trekkingroute wird an der Apa\u00f1ada de lo alto del Jurado teilnehmen<\/strong><\/p>\n<p><strong>&#8211; Die vorgeschlagene Route zum Gipfel des Jurado wird auf den 14. Juni verschoben, um mit der geplanten Bergwanderung zusammenzufallen.  <\/strong><br \/><strong>&#8211; Die Anmeldung ist vom 19. bis 23. Mai m\u00f6glich.<\/strong><\/p>\n<p>Die Abteilungen f\u00fcr Jugend und Sport der Stadtverwaltung von Antigua, die von den Stadtr\u00e4ten Pedro Armas und Samuel Torres koordiniert werden, organisieren diese Wanderaktivit\u00e4t &#8222;Antigua se mueve&#8220;. Sie bieten einen Plan mit gesunden Wanderungen unterschiedlicher Schwierigkeitsgrade und f\u00fcr alle Altersgruppen an, erleichtern die Anreise von Antigua aus, stellen ein Team von F\u00fchrern zur Verf\u00fcgung, die jeden Schritt auf dem Weg erkl\u00e4ren, und bieten ein abschlie\u00dfendes Mittagessen an, um wieder zu Kr\u00e4ften zu kommen, erkl\u00e4rt der B\u00fcrgermeister Mat\u00edas Pe\u00f1a.<\/p>\n<p>Die n\u00e4chste vorgeschlagene Route wird am 14. Juni sein, eine vierst\u00fcndige Wanderung mit mittlerem Schwierigkeitsgrad, die zur Gambuesa am Alto del Jurado f\u00fchrt und die f\u00fcr diesen Tag geplante Apa\u00f1ada begleitet.<\/p>\n<p>Die Anmeldungen f\u00fcr die einzelnen Routen k\u00f6nnen jeweils f\u00fcnfzehn Tage im Voraus im Rathaus von Antigua, im B\u00fcrgermeisteramt von Caleta de Fuste oder \u00fcber die elektronische Website erfolgen, wobei die in der Gemeinde registrierten Personen bevorzugt werden. F\u00fcr die dritte Route auf den Gipfel des Jurado l\u00e4uft die Anmeldefrist vom 19. bis 23. Mai. <\/p>\n<p>Antigua se Mueve ist ein Programm mit insgesamt sieben Wanderungen, von denen die folgenden vorgeschlagen werden: Besteigung des Jurado, Wanderung von Valles de Ortega nach Tiscamanita auf einer Nachtroute, im Juli von Guisguey nach La Caldereta, im September von Antigua nach Agua de Bueyes und im Oktober von P\u00e1jara nach Card\u00f3n.<\/p>\n<\/div>\n","protected":false},"excerpt":{"rendered":"<p><strong>Die dritte Antigua se mueve-Trekkingroute wird an der Apa\u00f1ada de lo alto del Jurado teilnehmen<\/strong><\/p>\n","protected":false},"author":1,"featured_media":3490,"comment_status":"open","ping_status":"open","sticky":false,"template":"","format":"standard","meta":{"inline_featured_image":false,"jnews-multi-image_gallery":[],"jnews_single_post":[],"jnews_primary_category":[],"jnews_social_meta":[],"jnews_override_counter":[],"jnews_post_split":[],"footnotes":""},"categories":[283],"tags":[],"class_list":["post-3494","post","type-post","status-publish","format-standard","has-post-thumbnail","hentry","category-antigua-de"],"jetpack_featured_media_url":"https:\/\/informacionlocal.es\/wp-content\/uploads\/2025\/05\/antigua-se-echa-a-caminar-3.jpg","_links":{"self":[{"href":"https:\/\/informacionlocal.es\/de\/wp-json\/wp\/v2\/posts\/3494","targetHints":{"allow":["GET"]}}],"collection":[{"href":"https:\/\/informacionlocal.es\/de\/wp-json\/wp\/v2\/posts"}],"about":[{"href":"https:\/\/informacionlocal.es\/de\/wp-json\/wp\/v2\/types\/post"}],"author":[{"embeddable":true,"href":"https:\/\/informacionlocal.es\/de\/wp-json\/wp\/v2\/users\/1"}],"replies":[{"embeddable":true,"href":"https:\/\/informacionlocal.es\/de\/wp-json\/wp\/v2\/comments?post=3494"}],"version-history":[{"count":0,"href":"https:\/\/informacionlocal.es\/de\/wp-json\/wp\/v2\/posts\/3494\/revisions"}],"wp:featuredmedia":[{"embeddable":true,"href":"https:\/\/informacionlocal.es\/de\/wp-json\/wp\/v2\/media\/3490"}],"wp:attachment":[{"href":"https:\/\/informacionlocal.es\/de\/wp-json\/wp\/v2\/media?parent=3494"}],"wp:term":[{"taxonomy":"category","embeddable":true,"href":"https:\/\/informacionlocal.es\/de\/wp-json\/wp\/v2\/categories?post=3494"},{"taxonomy":"post_tag","embeddable":true,"href":"https:\/\/informacionlocal.es\/de\/wp-json\/wp\/v2\/tags?post=3494"}],"curies":[{"name":"wp","href":"https:\/\/api.w.org\/{rel}","templated":true}]}}