{"id":3482,"date":"2025-05-13T09:00:28","date_gmt":"2025-05-13T09:00:28","guid":{"rendered":"https:\/\/informacionlocal.es\/la-oliva-feiert-einen-tag-der-begegnung-der-integration-und-der-kreativitaet-rund-um-die-aulas-en-clave-klassenzimmer-im-schluessel\/"},"modified":"2025-05-13T09:00:28","modified_gmt":"2025-05-13T09:00:28","slug":"la-oliva-feiert-einen-tag-der-begegnung-der-integration-und-der-kreativitaet-rund-um-die-aulas-en-clave-klassenzimmer-im-schluessel","status":"publish","type":"post","link":"https:\/\/informacionlocal.es\/de\/la-oliva-feiert-einen-tag-der-begegnung-der-integration-und-der-kreativitaet-rund-um-die-aulas-en-clave-klassenzimmer-im-schluessel\/","title":{"rendered":"La Oliva feiert einen Tag der Begegnung, der Integration und der Kreativit\u00e4t rund um die Aulas En Clave (Klassenzimmer im Schl\u00fcssel)."},"content":{"rendered":"<p>Der Stadtrat von La Oliva hat \u00fcber die Bildungsabteilung unter der Leitung von Omaira Saavedra den Tag &#8222;Gemeinsame Bindungen&#8220; ins Leben gerufen, um die Aulas En Clave der Gemeinde sichtbar zu machen und zu st\u00e4rken, d.h. Einrichtungen, die Sch\u00fclern mit besonderen Bed\u00fcrfnissen durch p\u00e4dagogische Unterst\u00fctzung helfen. In diesem Sinne trafen sich am 29. April die Aula en Clave von La Oliva und die Aula en Clave von Ceuta und schufen so eine Br\u00fccke der Erfahrungen, des Lernens und der Zuneigung zwischen den Gebieten. <\/p>\n<p>Das Treffen begann mit einem runden Tisch, an dem Familien, Lehrer und Betreuer die M\u00f6glichkeit hatten, ihre Bed\u00fcrfnisse und Vorschl\u00e4ge direkt an die politisch Verantwortlichen aus verschiedenen Bereichen der Stadtverwaltung heranzutragen. Ziel war es, einen Dialog in Gang zu bringen, in dem Ideen und pers\u00f6nliche Erfahrungen genutzt werden k\u00f6nnen, um auf die Schaffung eines integrativeren und auf die Vielfalt achtenden Umfelds hinzuarbeiten. <\/p>\n<p>An diesem Tag wurden auch verschiedene Workshops zu den Themen Kreativit\u00e4t, Fantasie und emotionales Management in einer angenehmen Atmosph\u00e4re abgehalten, in der freier Ausdruck und Verbindung die Protagonisten des Nachmittags waren. Zum Abschluss genossen die Teilnehmer ein entspannendes Klangbad, das das Wohlbefinden und die Ruhe der Teilnehmer f\u00f6rderte. <\/p>\n<p>Der B\u00fcrgermeister von La Oliva, Isa\u00ed Blanco, unterstreicht die Bedeutung eines Tages wie &#8222;Common Bonds&#8220;: &#8222;Durch ein solches Treffen teilen alle Beteiligten, ob es sich nun um die Familien selbst oder um die Lehrer und Betreuer handelt, verschiedene Voraussetzungen, um ein Umfeld zu schaffen, das optimale Bedingungen f\u00fcr diese Sch\u00fcler bietet&#8220;.<\/p>\n<p>Die Stadtr\u00e4tin f\u00fcr Bildung, Omaira Saavedra, f\u00fcgt hinzu: &#8222;Der Rat h\u00e4lt es f\u00fcr notwendig, allen an der Entwicklung dieser Aulas En Clave Beteiligten einen Raum zu bieten, in dem sie ihre Meinungen, Ideen und Vorschl\u00e4ge \u00e4u\u00dfern k\u00f6nnen. Mit dieser Aktion wollen wir uns in die Lage derer versetzen, die in dieser Realit\u00e4t leben, seien es Familien, Betreuer oder Lehrer, mit dem letztendlichen Ziel, diese Umgebungen zu verbessern&#8220;.<\/p>\n","protected":false},"excerpt":{"rendered":"<p><span>Das Konsistorium organisiert &#8222;Lazos Comunes&#8220;, einen besonderen Tag, um die Aulas En Clave der Gemeinde sichtbar zu machen und zu st\u00e4rken, d. h. Bildungseinrichtungen, die Sch\u00fcler mit besonderen Bed\u00fcrfnissen unterst\u00fctzen.<\/span><\/p>\n","protected":false},"author":1,"featured_media":3478,"comment_status":"open","ping_status":"open","sticky":false,"template":"","format":"standard","meta":{"inline_featured_image":false,"jnews-multi-image_gallery":[],"jnews_single_post":[],"jnews_primary_category":[],"jnews_social_meta":[],"jnews_override_counter":[],"jnews_post_split":[],"footnotes":""},"categories":[291],"tags":[306],"class_list":["post-3482","post","type-post","status-publish","format-standard","has-post-thumbnail","hentry","category-la-oliva-de","tag-educacion-de"],"jetpack_featured_media_url":"https:\/\/informacionlocal.es\/wp-content\/uploads\/2025\/05\/5194_a24c96ed.png","_links":{"self":[{"href":"https:\/\/informacionlocal.es\/de\/wp-json\/wp\/v2\/posts\/3482","targetHints":{"allow":["GET"]}}],"collection":[{"href":"https:\/\/informacionlocal.es\/de\/wp-json\/wp\/v2\/posts"}],"about":[{"href":"https:\/\/informacionlocal.es\/de\/wp-json\/wp\/v2\/types\/post"}],"author":[{"embeddable":true,"href":"https:\/\/informacionlocal.es\/de\/wp-json\/wp\/v2\/users\/1"}],"replies":[{"embeddable":true,"href":"https:\/\/informacionlocal.es\/de\/wp-json\/wp\/v2\/comments?post=3482"}],"version-history":[{"count":0,"href":"https:\/\/informacionlocal.es\/de\/wp-json\/wp\/v2\/posts\/3482\/revisions"}],"wp:featuredmedia":[{"embeddable":true,"href":"https:\/\/informacionlocal.es\/de\/wp-json\/wp\/v2\/media\/3478"}],"wp:attachment":[{"href":"https:\/\/informacionlocal.es\/de\/wp-json\/wp\/v2\/media?parent=3482"}],"wp:term":[{"taxonomy":"category","embeddable":true,"href":"https:\/\/informacionlocal.es\/de\/wp-json\/wp\/v2\/categories?post=3482"},{"taxonomy":"post_tag","embeddable":true,"href":"https:\/\/informacionlocal.es\/de\/wp-json\/wp\/v2\/tags?post=3482"}],"curies":[{"name":"wp","href":"https:\/\/api.w.org\/{rel}","templated":true}]}}