{"id":3458,"date":"2025-05-12T22:40:59","date_gmt":"2025-05-12T22:40:59","guid":{"rendered":"https:\/\/informacionlocal.es\/der-stand-von-saborea-puerto-del-rosario-kommt-am-donnerstag-den-15-mai-in-los-estancos-an\/"},"modified":"2025-05-12T22:40:59","modified_gmt":"2025-05-12T22:40:59","slug":"der-stand-von-saborea-puerto-del-rosario-kommt-am-donnerstag-den-15-mai-in-los-estancos-an","status":"publish","type":"post","link":"https:\/\/informacionlocal.es\/de\/der-stand-von-saborea-puerto-del-rosario-kommt-am-donnerstag-den-15-mai-in-los-estancos-an\/","title":{"rendered":"Der Stand von Saborea Puerto del Rosario kommt am Donnerstag, den 15. Mai, in Los Estancos an."},"content":{"rendered":"<div class=\"entry-content\">\n<div dir=\"auto\">Die Stadtverwaltung von Puerto del Rosario setzt \u00fcber ihre Abteilung f\u00fcr den Prim\u00e4rsektor die F\u00f6rderung lokaler Produkte mit einer neuen Aktion im Rahmen des Programms Saborea Puerto del Rosario fort. Bei dieser Gelegenheit wird der Wanderstand die Stadt Los Estancos besuchen, zeitgleich mit den Feierlichkeiten zu Ehren von Santa Rita de Casia. <\/div>\n<div class=\"x11i5rnm xat24cr x1mh8g0r x1vvkbs xtlvy1s x126k92a\">\n<div dir=\"auto\">Die Veranstaltung findet am Donnerstag, den 15. Mai, von 19.00 bis 21.00 Uhr statt, mit einem Raum, der der Verbreitung und F\u00f6rderung der lokalen Agrar- und Ern\u00e4hrungsprodukte der Gemeinde gewidmet ist.<\/div>\n<\/div>\n<div class=\"x11i5rnm xat24cr x1mh8g0r x1vvkbs xtlvy1s x126k92a\">\n<div dir=\"auto\">Eine Gelegenheit f\u00fcr Einheimische und Besucher, den gastronomischen Reichtum von Puerto del Rosario kennen zu lernen und gleichzeitig die lokalen Erzeuger zu unterst\u00fctzen.<\/div>\n<\/div>\n<div class=\"x11i5rnm xat24cr x1mh8g0r x1vvkbs xtlvy1s x126k92a\">\n<div dir=\"auto\">Au\u00dferdem wird der Nachmittag durch popul\u00e4re kanarische Musik belebt, denn die &#8222;Parranda M\u00e1s del Norte&#8220; mit Carmelo Carballo, Fali Ben\u00edtez und Carlos Cabrera wird dem Fest in Los Estancos eine festliche und traditionelle Atmosph\u00e4re verleihen.<\/div>\n<\/div>\n<div class=\"x11i5rnm xat24cr x1mh8g0r x1vvkbs xtlvy1s x126k92a\">\n<div dir=\"auto\">Die letzten beiden Ausgaben von Saborea Puerto del Rosario wurden mit gro\u00dfem Erfolg in Schulen der Gemeinde durchgef\u00fchrt: CEIP Pablo Neruda und IES Puerto Cabras, wo die Initiative von der Schulgemeinschaft und den Sch\u00fclern begeistert aufgenommen wurde. Diese Aktionen haben dazu beigetragen, das Wissen und den verantwortungsvollen Konsum lokaler Produkte schon in jungen Jahren zu f\u00f6rdern. <\/div>\n<\/div>\n<div class=\"x11i5rnm xat24cr x1mh8g0r x1vvkbs xtlvy1s x126k92a\">\n<div dir=\"auto\">Saborea Puerto del Rosario ist eine Initiative der Stadtverwaltung von Puerto del Rosario \u00fcber ihre Abteilung f\u00fcr den Prim\u00e4rsektor und wird von GMR Canarias und Volcanic Experience unterst\u00fctzt, die zur Abteilung f\u00fcr Viehzucht, Landwirtschaft, Fischerei und Ern\u00e4hrungssouver\u00e4nit\u00e4t der Regierung der Kanarischen Inseln geh\u00f6ren.<\/div>\n<\/div>\n<\/div>\n","protected":false},"excerpt":{"rendered":"<p>Die Stadtverwaltung von Puerto del Rosario setzt \u00fcber ihre Abteilung f\u00fcr den Prim\u00e4rsektor die F\u00f6rderung lokaler Produkte mit einer neuen Aktion im Rahmen des Programms Saborea Puerto del Rosario fort. [&hellip;]<\/p>\n","protected":false},"author":1,"featured_media":3454,"comment_status":"open","ping_status":"open","sticky":false,"template":"","format":"standard","meta":{"inline_featured_image":false,"jnews-multi-image_gallery":[],"jnews_single_post":[],"jnews_primary_category":[],"jnews_social_meta":[],"jnews_override_counter":[],"jnews_post_split":[],"footnotes":""},"categories":[293],"tags":[],"class_list":["post-3458","post","type-post","status-publish","format-standard","has-post-thumbnail","hentry","category-puerto-del-rosario-de"],"jetpack_featured_media_url":"https:\/\/informacionlocal.es\/wp-content\/uploads\/2025\/05\/saborea-pr-cartel-2.jpg","_links":{"self":[{"href":"https:\/\/informacionlocal.es\/de\/wp-json\/wp\/v2\/posts\/3458","targetHints":{"allow":["GET"]}}],"collection":[{"href":"https:\/\/informacionlocal.es\/de\/wp-json\/wp\/v2\/posts"}],"about":[{"href":"https:\/\/informacionlocal.es\/de\/wp-json\/wp\/v2\/types\/post"}],"author":[{"embeddable":true,"href":"https:\/\/informacionlocal.es\/de\/wp-json\/wp\/v2\/users\/1"}],"replies":[{"embeddable":true,"href":"https:\/\/informacionlocal.es\/de\/wp-json\/wp\/v2\/comments?post=3458"}],"version-history":[{"count":0,"href":"https:\/\/informacionlocal.es\/de\/wp-json\/wp\/v2\/posts\/3458\/revisions"}],"wp:featuredmedia":[{"embeddable":true,"href":"https:\/\/informacionlocal.es\/de\/wp-json\/wp\/v2\/media\/3454"}],"wp:attachment":[{"href":"https:\/\/informacionlocal.es\/de\/wp-json\/wp\/v2\/media?parent=3458"}],"wp:term":[{"taxonomy":"category","embeddable":true,"href":"https:\/\/informacionlocal.es\/de\/wp-json\/wp\/v2\/categories?post=3458"},{"taxonomy":"post_tag","embeddable":true,"href":"https:\/\/informacionlocal.es\/de\/wp-json\/wp\/v2\/tags?post=3458"}],"curies":[{"name":"wp","href":"https:\/\/api.w.org\/{rel}","templated":true}]}}