{"id":3445,"date":"2025-05-12T22:18:58","date_gmt":"2025-05-12T22:18:58","guid":{"rendered":"https:\/\/informacionlocal.es\/andres-gonzalez-frances-praesentiert-in-puerto-del-rosario-sein-neues-buch-veinte-poemas-en-llamas-zwanzig-gedichte-in-flammen\/"},"modified":"2025-05-12T22:18:58","modified_gmt":"2025-05-12T22:18:58","slug":"andres-gonzalez-frances-praesentiert-in-puerto-del-rosario-sein-neues-buch-veinte-poemas-en-llamas-zwanzig-gedichte-in-flammen","status":"publish","type":"post","link":"https:\/\/informacionlocal.es\/de\/andres-gonzalez-frances-praesentiert-in-puerto-del-rosario-sein-neues-buch-veinte-poemas-en-llamas-zwanzig-gedichte-in-flammen\/","title":{"rendered":"Andr\u00e9s Gonz\u00e1lez Franc\u00e9s pr\u00e4sentiert in Puerto del Rosario sein neues Buch: Veinte poemas en llamas (Zwanzig Gedichte in Flammen)."},"content":{"rendered":"<div class=\"entry-content\">\n<p>Am Montagabend, dem 12. Mai, stellte Andr\u00e9s Gonz\u00e1lez Franc\u00e9s sein neues Buch &#8222;Veinte poemas en llamas&#8220; (Zwanzig Gedichte in Flammen) vor, Poesie, die die Erinnerung an eine Insel entz\u00fcndet.<\/p>\n<div class=\"x11i5rnm xat24cr x1mh8g0r x1vvkbs xtlvy1s x126k92a\">\n<div dir=\"auto\">Die von der Stadtverwaltung von Puerto del Rosario \u00fcber das Kulturamt organisierte Veranstaltung fand in der Stadtbibliothek statt, um das Leben und den literarischen Werdegang des Majorero-Autors zu w\u00fcrdigen.<\/div>\n<div dir=\"auto\">Der <strong>B\u00fcrgermeister von Puerto del Rosario, David de Vera,<\/strong> betonte, dass &#8222;es f\u00fcr Puerto del Rosario eine Ehre ist, Gastgeber f\u00fcr die Pr\u00e4sentation dieses Werkes zu sein, das die Klarheit und das Engagement eines Autors widerspiegelt, der es geschafft hat, das Wort in ein lebendiges Erbe unserer Insel zu verwandeln. Andr\u00e9s Gonz\u00e1lez Franc\u00e9s repr\u00e4sentiert eine Generation, die die Poesie zu einer Form des Widerstands, der Erinnerung und der Sch\u00f6nheit gemacht hat&#8220;.<\/div>\n<\/div>\n<div class=\"x11i5rnm xat24cr x1mh8g0r x1vvkbs xtlvy1s x126k92a\">\n<div dir=\"auto\"> <strong>Der Stadtrat f\u00fcr Kultur, Juan Manuel Verdugo,<\/strong> betonte seinerseits, dass &#8222;die Pers\u00f6nlichkeit von Andr\u00e9s Gonz\u00e1lez Franc\u00e9s alle institutionelle und b\u00fcrgerliche Anerkennung f\u00fcr ein Leben der Hingabe an das Denken, die Literatur und den \u00f6ffentlichen Dienst verdient. Sein Werk bereichert nicht nur die Kultur der Insel, sondern hinterl\u00e4sst auch tiefe Spuren in der kollektiven Seele Fuerteventuras&#8220;.<\/div>\n<\/div>\n<div class=\"x11i5rnm xat24cr x1mh8g0r x1vvkbs xtlvy1s x126k92a\">\n<div dir=\"auto\">In &#8222;Veinte poemas en llamas&#8220; erreicht Gonz\u00e1lez Franc\u00e9s seine volle poetische Reife. Das Werk umfasst zwanzig Kompositionen, die, wie Juan Jim\u00e9nez, der das Vorwort zu dem Werk schrieb, betont, &#8222;eine gut konzipierte Botschaft in zwanzig Blitzlichtern enthalten, die einen Teil seiner Erfahrung, einen Teil seiner Gef\u00fchle einfangen&#8220;. <\/div>\n<\/div>\n<div class=\"x11i5rnm xat24cr x1mh8g0r x1vvkbs xtlvy1s x126k92a\">\n<div dir=\"auto\">F\u00fcr Gonz\u00e1lez Franc\u00e9s ist &#8222;die Poesie das menschlichste Gef\u00fchl, das es gibt&#8220;, wie er in dem Gedicht &#8222;Un batir de alas libres&#8220;, das in seinem neuen Buch enthalten ist, zum Ausdruck bringt: &#8222;Sie ist Verzweiflung und Hoffnung, Aroma der Worte, Sultanin der Buchstaben. Wisst das, ihr alle, sie ist eine Blume, die in Versen sprie\u00dft!<\/div>\n<\/div>\n<div class=\"x11i5rnm xat24cr x1mh8g0r x1vvkbs xtlvy1s x126k92a\">\n<div dir=\"auto\">Der Majorero-Poet erhielt vom B\u00fcrgermeister David de Vera und dem Stadtrat f\u00fcr Kultur Juan Manuel Verdugo eine Dankes- und Anerkennungsplakette f\u00fcr seine Arbeit.<\/div>\n<\/div>\n<\/div>\n","protected":false},"excerpt":{"rendered":"<p>Am Montagabend, dem 12. Mai, stellte Andr\u00e9s Gonz\u00e1lez Franc\u00e9s sein neues Buch &#8222;Veinte poemas en llamas&#8220; (Zwanzig Gedichte in Flammen) vor, Poesie, die die Erinnerung an eine Insel entz\u00fcndet. Die [&hellip;]<\/p>\n","protected":false},"author":1,"featured_media":3442,"comment_status":"open","ping_status":"open","sticky":false,"template":"","format":"standard","meta":{"inline_featured_image":false,"jnews-multi-image_gallery":[],"jnews_single_post":[],"jnews_primary_category":[],"jnews_social_meta":[],"jnews_override_counter":[],"jnews_post_split":[],"footnotes":""},"categories":[293],"tags":[216],"class_list":["post-3445","post","type-post","status-publish","format-standard","has-post-thumbnail","hentry","category-puerto-del-rosario-de","tag-fuerteventura-de"],"jetpack_featured_media_url":"https:\/\/informacionlocal.es\/wp-content\/uploads\/2025\/05\/poeta-titu-andres-placa-alcalde-verdugo-scaled-1.jpg","_links":{"self":[{"href":"https:\/\/informacionlocal.es\/de\/wp-json\/wp\/v2\/posts\/3445","targetHints":{"allow":["GET"]}}],"collection":[{"href":"https:\/\/informacionlocal.es\/de\/wp-json\/wp\/v2\/posts"}],"about":[{"href":"https:\/\/informacionlocal.es\/de\/wp-json\/wp\/v2\/types\/post"}],"author":[{"embeddable":true,"href":"https:\/\/informacionlocal.es\/de\/wp-json\/wp\/v2\/users\/1"}],"replies":[{"embeddable":true,"href":"https:\/\/informacionlocal.es\/de\/wp-json\/wp\/v2\/comments?post=3445"}],"version-history":[{"count":0,"href":"https:\/\/informacionlocal.es\/de\/wp-json\/wp\/v2\/posts\/3445\/revisions"}],"wp:featuredmedia":[{"embeddable":true,"href":"https:\/\/informacionlocal.es\/de\/wp-json\/wp\/v2\/media\/3442"}],"wp:attachment":[{"href":"https:\/\/informacionlocal.es\/de\/wp-json\/wp\/v2\/media?parent=3445"}],"wp:term":[{"taxonomy":"category","embeddable":true,"href":"https:\/\/informacionlocal.es\/de\/wp-json\/wp\/v2\/categories?post=3445"},{"taxonomy":"post_tag","embeddable":true,"href":"https:\/\/informacionlocal.es\/de\/wp-json\/wp\/v2\/tags?post=3445"}],"curies":[{"name":"wp","href":"https:\/\/api.w.org\/{rel}","templated":true}]}}