{"id":3380,"date":"2025-05-09T15:09:53","date_gmt":"2025-05-09T15:09:53","guid":{"rendered":"https:\/\/informacionlocal.es\/aufwaermen-fuer-die-aufregenden-rallye-sprints-und-die-rallye-antigua-auf-asphalt-und-schotter\/"},"modified":"2025-05-09T15:09:53","modified_gmt":"2025-05-09T15:09:53","slug":"aufwaermen-fuer-die-aufregenden-rallye-sprints-und-die-rallye-antigua-auf-asphalt-und-schotter","status":"publish","type":"post","link":"https:\/\/informacionlocal.es\/de\/aufwaermen-fuer-die-aufregenden-rallye-sprints-und-die-rallye-antigua-auf-asphalt-und-schotter\/","title":{"rendered":"Aufw\u00e4rmen f\u00fcr die aufregenden Rallye-Sprints und die Rallye Antigua auf Asphalt und Schotter."},"content":{"rendered":"<div class=\"elementor-widget-container\">\n<p><strong>Aufw\u00e4rmen f\u00fcr die aufregenden Rallye-Sprints und die Rallye Antigua auf Asphalt und Schotter.<\/strong><\/p>\n<p><strong>&#8211; Antigua koordiniert mit den Automobilclubs der Insel die Organisation der Sprint-Rallye auf Asphalt am 16. August und der Antigua-Rallye am 6. September, die beide zur Kanarenmeisterschaft z\u00e4hlen.  <\/strong><br \/><strong>&#8211; Der Countdown f\u00fcr den Startschuss zur Antigua Sprint Rallye und zur Antigua Rallye, dem Hauptereignis auf unbefestigten Wegen, l\u00e4uft.<\/strong><br \/><strong>&#8211; Zus\u00e4tzlich zu diesen beiden gro\u00dfen Motorsportveranstaltungen wird am 29. November in Antigua der Motor Solidario organisiert und durchgef\u00fchrt.<\/strong><\/p>\n<p>Der B\u00fcrgermeister von Antigua, Mat\u00edas Pe\u00f1a, der Stadtrat f\u00fcr Sport, Samuel Torres, und die Vertreter der Automobilclubs von Fuerteventura, die bei dieser Gelegenheit im Namen des Tibiabin Clubs, Ernesto Su\u00e1rez Gil, und f\u00fcr den Bet\u00e1n, Ayose Cerde\u00f1a M\u00e9ndez, anwesend waren, haben ein Vorbereitungstreffen f\u00fcr die wichtigsten Automobilveranstaltungen abgehalten, die in der Gemeinde stattfinden werden, Die Antigua Sprint Rallye am 16. August, das Hauptereignis, die Antigua Rallye am 6. September, die beide zur Kanarischen Regionalmeisterschaft z\u00e4hlen und ebenfalls vom Kanarischen Automobilverband unterst\u00fctzt werden, sowie am 29. November das Fuerteventura Solidarity Motor Race.<\/p>\n<p>Seit Monaten arbeiten wir an allen Vorbereitungen, Berichten und Genehmigungen, insbesondere an denen, die f\u00fcr diese Veranstaltungen erforderlich sind, und wir tun dies als Team, in diesem Fall bestehend aus den Automobilclubs der Insel und dem Rathaus von Antigua, sagt der Stadtrat f\u00fcr Sport, Samuel Torres.<\/p>\n<p>Es geht darum, alles zu garantieren und bereit zu haben, um die teilnehmenden Teams von der Insel und den Kanarischen Inseln zu empfangen, sagt der B\u00fcrgermeister Mat\u00edas Pe\u00f1a, die mit den modernsten Karosserien antreten und deren Qualit\u00e4t der Fahrer und Beifahrer in ihrer Karriere in Niveau und Kategorie gestiegen ist, also m\u00fcssen wir der Aufgabe gewachsen sein.<\/p>\n<p>Und als letzter H\u00f6hepunkt, f\u00fcgt der Sprecher des Tibiab\u00edn-Clubs hinzu, werden wir am 16. Dezember in Antigua die diesj\u00e4hrige Gran Cena del Motor auf Fuerteventura feiern, als sicheren Abschluss einer gro\u00dfartigen Saison 2025.<\/p>\n<\/p>\n<\/div>\n","protected":false},"excerpt":{"rendered":"<p><strong>Aufw\u00e4rmen f\u00fcr die aufregenden Rallye-Sprints und die Rallye Antigua auf Asphalt und Schotter.<\/strong><\/p>\n","protected":false},"author":1,"featured_media":3376,"comment_status":"open","ping_status":"open","sticky":false,"template":"","format":"standard","meta":{"inline_featured_image":false,"jnews-multi-image_gallery":[],"jnews_single_post":[],"jnews_primary_category":[],"jnews_social_meta":[],"jnews_override_counter":[],"jnews_post_split":[],"footnotes":""},"categories":[283],"tags":[216],"class_list":["post-3380","post","type-post","status-publish","format-standard","has-post-thumbnail","hentry","category-antigua-de","tag-fuerteventura-de"],"jetpack_featured_media_url":"https:\/\/informacionlocal.es\/wp-content\/uploads\/2025\/05\/reunion-con-equipo-s-derallies-scaled-1.jpg","_links":{"self":[{"href":"https:\/\/informacionlocal.es\/de\/wp-json\/wp\/v2\/posts\/3380","targetHints":{"allow":["GET"]}}],"collection":[{"href":"https:\/\/informacionlocal.es\/de\/wp-json\/wp\/v2\/posts"}],"about":[{"href":"https:\/\/informacionlocal.es\/de\/wp-json\/wp\/v2\/types\/post"}],"author":[{"embeddable":true,"href":"https:\/\/informacionlocal.es\/de\/wp-json\/wp\/v2\/users\/1"}],"replies":[{"embeddable":true,"href":"https:\/\/informacionlocal.es\/de\/wp-json\/wp\/v2\/comments?post=3380"}],"version-history":[{"count":0,"href":"https:\/\/informacionlocal.es\/de\/wp-json\/wp\/v2\/posts\/3380\/revisions"}],"wp:featuredmedia":[{"embeddable":true,"href":"https:\/\/informacionlocal.es\/de\/wp-json\/wp\/v2\/media\/3376"}],"wp:attachment":[{"href":"https:\/\/informacionlocal.es\/de\/wp-json\/wp\/v2\/media?parent=3380"}],"wp:term":[{"taxonomy":"category","embeddable":true,"href":"https:\/\/informacionlocal.es\/de\/wp-json\/wp\/v2\/categories?post=3380"},{"taxonomy":"post_tag","embeddable":true,"href":"https:\/\/informacionlocal.es\/de\/wp-json\/wp\/v2\/tags?post=3380"}],"curies":[{"name":"wp","href":"https:\/\/api.w.org\/{rel}","templated":true}]}}