{"id":3368,"date":"2025-05-09T14:06:57","date_gmt":"2025-05-09T14:06:57","guid":{"rendered":"https:\/\/informacionlocal.es\/antiguas-senioren-trainieren-fuer-die-teilnahme-an-den-neurolympischen-spielen-2025\/"},"modified":"2025-05-09T14:06:57","modified_gmt":"2025-05-09T14:06:57","slug":"antiguas-senioren-trainieren-fuer-die-teilnahme-an-den-neurolympischen-spielen-2025","status":"publish","type":"post","link":"https:\/\/informacionlocal.es\/de\/antiguas-senioren-trainieren-fuer-die-teilnahme-an-den-neurolympischen-spielen-2025\/","title":{"rendered":"Antiguas Senioren trainieren f\u00fcr die Teilnahme an den Neurolympischen Spielen 2025"},"content":{"rendered":"<div class=\"elementor-widget-container\">\n<p><strong>Antiguas Senioren trainieren f\u00fcr die Teilnahme an den Neurolympischen Spielen 2025<\/strong><\/p>\n<p><strong>&#8211; Antigua trainiert flei\u00dfig zwei Teams f\u00fcr die zweite Auflage der Neuromajos.  <\/strong><br \/><strong>&#8211; Das Seniorenzentrum ist zu klein f\u00fcr Antiguas Neuromajos-Teams, die ihre Trainingsdisziplin im st\u00e4dtischen Sportpavillon fortsetzen werden.<\/strong><\/p>\n<p>B\u00fcrgermeister Mat\u00edas Pe\u00f1a und die Stadtr\u00e4tin f\u00fcr Soziales, Am\u00e9rica Soto, haben an einer der w\u00f6chentlichen Trainingseinheiten der beiden Seniorenteams von Antigua teilgenommen, die sich an der Aktion Neuromajos 2025 beteiligen.<\/p>\n<p>Ein spa\u00dfiges Training mit verschiedenen Tests der Beweglichkeit, des Zielens und der Teamkoordination, sagt der B\u00fcrgermeister von Antigua, der hinzuf\u00fcgt, dass sie nicht nur k\u00f6rperlich sehr gesund sind, sondern auch sehr viel Spa\u00df machen und den Zusammenschluss f\u00f6rdern, um immer eine gute Stimmung und eine immer bessere Kondition aller Teilnehmer zu \u00fcberwinden.<\/p>\n<p>Nach dem Erfolg der letztj\u00e4hrigen Neuromajos-Tests ist diese Neuauflage eine neue Herausforderung, bei der die Zahl der Anmeldungen in Antigua so stark gestiegen ist, dass zwei Teams gebildet werden mussten, so der Stadtrat f\u00fcr soziale Dienste.<\/p>\n<p>Es handelt sich um eine Initiative, die es uns erm\u00f6glicht, eine sch\u00f6ne Zeit zu verbringen, was wiederum die Gesundheit und das Wohlbefinden f\u00f6rdert und die soziale, k\u00f6rperliche und geistige Autonomie unserer \u00e4lteren Menschen unterst\u00fctzt und erh\u00e4lt&#8220;, so Stadtr\u00e4tin Am\u00e9rica Soto.<\/p>\n<\/p>\n<\/div>\n","protected":false},"excerpt":{"rendered":"<p><strong>Antiguas Senioren trainieren f\u00fcr die Teilnahme an den Neurolympischen Spielen 2025<\/strong><\/p>\n","protected":false},"author":1,"featured_media":3363,"comment_status":"open","ping_status":"open","sticky":false,"template":"","format":"standard","meta":{"inline_featured_image":false,"jnews-multi-image_gallery":[],"jnews_single_post":[],"jnews_primary_category":[],"jnews_social_meta":[],"jnews_override_counter":[],"jnews_post_split":[],"footnotes":""},"categories":[283],"tags":[],"class_list":["post-3368","post","type-post","status-publish","format-standard","has-post-thumbnail","hentry","category-antigua-de"],"jetpack_featured_media_url":"https:\/\/informacionlocal.es\/wp-content\/uploads\/2025\/05\/los-mayores-de-antigua-entrenan-para-competir-en-las-neurolimpiadas-2025-3-scaled-1.jpg","_links":{"self":[{"href":"https:\/\/informacionlocal.es\/de\/wp-json\/wp\/v2\/posts\/3368","targetHints":{"allow":["GET"]}}],"collection":[{"href":"https:\/\/informacionlocal.es\/de\/wp-json\/wp\/v2\/posts"}],"about":[{"href":"https:\/\/informacionlocal.es\/de\/wp-json\/wp\/v2\/types\/post"}],"author":[{"embeddable":true,"href":"https:\/\/informacionlocal.es\/de\/wp-json\/wp\/v2\/users\/1"}],"replies":[{"embeddable":true,"href":"https:\/\/informacionlocal.es\/de\/wp-json\/wp\/v2\/comments?post=3368"}],"version-history":[{"count":0,"href":"https:\/\/informacionlocal.es\/de\/wp-json\/wp\/v2\/posts\/3368\/revisions"}],"wp:featuredmedia":[{"embeddable":true,"href":"https:\/\/informacionlocal.es\/de\/wp-json\/wp\/v2\/media\/3363"}],"wp:attachment":[{"href":"https:\/\/informacionlocal.es\/de\/wp-json\/wp\/v2\/media?parent=3368"}],"wp:term":[{"taxonomy":"category","embeddable":true,"href":"https:\/\/informacionlocal.es\/de\/wp-json\/wp\/v2\/categories?post=3368"},{"taxonomy":"post_tag","embeddable":true,"href":"https:\/\/informacionlocal.es\/de\/wp-json\/wp\/v2\/tags?post=3368"}],"curies":[{"name":"wp","href":"https:\/\/api.w.org\/{rel}","templated":true}]}}