{"id":3356,"date":"2025-05-09T14:06:44","date_gmt":"2025-05-09T14:06:44","guid":{"rendered":"https:\/\/informacionlocal.es\/verbaende-italienischer-geschaeftsleute-auf-fuerteventura-praesentieren-sich-dem-buergermeister-von-antigua\/"},"modified":"2025-05-09T14:06:44","modified_gmt":"2025-05-09T14:06:44","slug":"verbaende-italienischer-geschaeftsleute-auf-fuerteventura-praesentieren-sich-dem-buergermeister-von-antigua","status":"publish","type":"post","link":"https:\/\/informacionlocal.es\/de\/verbaende-italienischer-geschaeftsleute-auf-fuerteventura-praesentieren-sich-dem-buergermeister-von-antigua\/","title":{"rendered":"Verb\u00e4nde italienischer Gesch\u00e4ftsleute auf Fuerteventura pr\u00e4sentieren sich dem B\u00fcrgermeister von Antigua"},"content":{"rendered":"<div class=\"elementor-widget-container\">\n<p><strong>Verb\u00e4nde italienischer Gesch\u00e4ftsleute auf Fuerteventura pr\u00e4sentieren sich dem B\u00fcrgermeister von Antigua<\/strong><\/p>\n<p><strong>&#8211; Die in der Gemeinde Antigua vertretenen Verb\u00e4nde stehen den italienischen Gesch\u00e4ftsleuten und Einwohnern zur Verf\u00fcgung, um Informationen \u00fcber Verwaltungsverfahren zu geben, \u00dcbersetzungen anzufertigen oder auf Anfragen oder Vorschl\u00e4ge zu antworten.<\/strong><\/p>\n<p>Der B\u00fcrgermeister von Antigua, Mat\u00edas Pe\u00f1a, empfing am Freitagmorgen die Vertreter mehrerer italienischer Wirtschaftsverb\u00e4nde, die auf der Insel und auch in Caleta de Fuste vertreten sind.<\/p>\n<p>Der B\u00fcrgermeister von Antigua bedankte sich bei den italienischen Verb\u00e4nden f\u00fcr ihre Anwesenheit und f\u00fcr ihre Bereitschaft, an der Entwicklung und F\u00f6rderung der Gemeinde mitzuwirken, da dies der beste Weg sei, um die Entwicklung und F\u00f6rderung der Unternehmen zu f\u00f6rdern.<\/p>\n<p>Der Pr\u00e4sident des Vereins der Italienischen Freunde Fuerteventuras, Adamo Costella, die Pr\u00e4sidentin des Vereins der Italienisch-Kanarischen Wirtschaftsallianz, Simona Meli, und der Pr\u00e4sident des Vereins der Italienischen Gesch\u00e4ftsleute auf Fuerteventura, Adamo Costella, haben gegen\u00fcber dem B\u00fcrgermeister ihre Bereitschaft bekundet, an der wirtschaftlichen Entwicklung der Gemeinde mitzuwirken.<\/p>\n<p>Sie haben auch den Zweck hervorgehoben, die wachsende italienische Gesch\u00e4ftswelt auf der Insel und in der Gemeinde Antigua zu unterst\u00fctzen, wo sie in Caleta de Fuste eine besondere Pr\u00e4senz haben.<\/p>\n<p>Die italienischen Vertreter waren sich einig, dass wir zur St\u00e4rkung des Wirtschaftsgef\u00fcges geschlossen auftreten, unsere Kr\u00e4fte b\u00fcndeln und die gesch\u00e4ftlichen, kommerziellen und touristischen Aktivit\u00e4ten f\u00f6rdern m\u00fcssen, indem wir die Fortschritte und Attraktionen \u00f6ffentlich herausstellen und gleichzeitig daran arbeiten, was hier und auf der ganzen Insel verbessert werden muss.<\/p>\n<\/div>\n","protected":false},"excerpt":{"rendered":"<p><strong>Verb\u00e4nde italienischer Gesch\u00e4ftsleute auf Fuerteventura pr\u00e4sentieren sich dem B\u00fcrgermeister von Antigua<\/strong><\/p>\n","protected":false},"author":1,"featured_media":3352,"comment_status":"open","ping_status":"open","sticky":false,"template":"","format":"standard","meta":{"inline_featured_image":false,"jnews-multi-image_gallery":[],"jnews_single_post":[],"jnews_primary_category":[],"jnews_social_meta":[],"jnews_override_counter":[],"jnews_post_split":[],"footnotes":""},"categories":[283],"tags":[246,216],"class_list":["post-3356","post","type-post","status-publish","format-standard","has-post-thumbnail","hentry","category-antigua-de","tag-formalitaten","tag-fuerteventura-de"],"jetpack_featured_media_url":"https:\/\/informacionlocal.es\/wp-content\/uploads\/2025\/05\/asociaciones-de-empresarios-italianos-en-fuerteventura-se-presentan-al-alcalde-de-antigua.jpg","_links":{"self":[{"href":"https:\/\/informacionlocal.es\/de\/wp-json\/wp\/v2\/posts\/3356","targetHints":{"allow":["GET"]}}],"collection":[{"href":"https:\/\/informacionlocal.es\/de\/wp-json\/wp\/v2\/posts"}],"about":[{"href":"https:\/\/informacionlocal.es\/de\/wp-json\/wp\/v2\/types\/post"}],"author":[{"embeddable":true,"href":"https:\/\/informacionlocal.es\/de\/wp-json\/wp\/v2\/users\/1"}],"replies":[{"embeddable":true,"href":"https:\/\/informacionlocal.es\/de\/wp-json\/wp\/v2\/comments?post=3356"}],"version-history":[{"count":0,"href":"https:\/\/informacionlocal.es\/de\/wp-json\/wp\/v2\/posts\/3356\/revisions"}],"wp:featuredmedia":[{"embeddable":true,"href":"https:\/\/informacionlocal.es\/de\/wp-json\/wp\/v2\/media\/3352"}],"wp:attachment":[{"href":"https:\/\/informacionlocal.es\/de\/wp-json\/wp\/v2\/media?parent=3356"}],"wp:term":[{"taxonomy":"category","embeddable":true,"href":"https:\/\/informacionlocal.es\/de\/wp-json\/wp\/v2\/categories?post=3356"},{"taxonomy":"post_tag","embeddable":true,"href":"https:\/\/informacionlocal.es\/de\/wp-json\/wp\/v2\/tags?post=3356"}],"curies":[{"name":"wp","href":"https:\/\/api.w.org\/{rel}","templated":true}]}}