{"id":3345,"date":"2025-05-08T22:02:42","date_gmt":"2025-05-08T22:02:42","guid":{"rendered":"https:\/\/informacionlocal.es\/andres-gonzalez-frances-praesentiert-sein-neues-buch-veinte-poemas-en-llamas-zwanzig-gedichte-in-flammen-poesie-die-die-erinnerung-an-eine-insel-entzuendet\/"},"modified":"2025-05-08T22:02:42","modified_gmt":"2025-05-08T22:02:42","slug":"andres-gonzalez-frances-praesentiert-sein-neues-buch-veinte-poemas-en-llamas-zwanzig-gedichte-in-flammen-poesie-die-die-erinnerung-an-eine-insel-entzuendet","status":"publish","type":"post","link":"https:\/\/informacionlocal.es\/de\/andres-gonzalez-frances-praesentiert-sein-neues-buch-veinte-poemas-en-llamas-zwanzig-gedichte-in-flammen-poesie-die-die-erinnerung-an-eine-insel-entzuendet\/","title":{"rendered":"Andr\u00e9s Gonz\u00e1lez Franc\u00e9s pr\u00e4sentiert sein neues Buch &#8222;Veinte poemas en llamas&#8220; (Zwanzig Gedichte in Flammen), Poesie, die die Erinnerung an eine Insel entz\u00fcndet."},"content":{"rendered":"<div class=\"entry-content\">\n<p>Die von der Stadtverwaltung von Puerto del Rosario \u00fcber die Kulturabteilung organisierte Veranstaltung findet am Montag, den 12. Mai, in der Stadtbibliothek statt, um das Leben und die literarische Karriere des Schriftstellers aus Majorero zu w\u00fcrdigen.<\/p>\n<p>In der Stadtbibliothek von Puerto del Rosario wird am kommenden Montag, dem 12. Mai, um 20:00 Uhr das neueste Werk des Majorero-Dichters Andr\u00e9s Gonz\u00e1lez Franc\u00e9s mit dem Titel &#8222;Veinte poemas en llamas&#8220; vorgestellt.<\/p>\n<p>Mit dieser literarischen Veranstaltung wird einer der herausragendsten Vertreter der Poesie auf Fuerteventura \u00f6ffentlich gew\u00fcrdigt. Andr\u00e9s Gonz\u00e1lez Franc\u00e9s kultiviert seit Jahrzehnten eine sehr pers\u00f6nliche literarische Stimme, die von seinem Engagement f\u00fcr die Insel, ihre Menschen und ihre Geschichte gepr\u00e4gt ist. Seine Poesie ist intensiv und ehrlich und spiegelt eine soziale und kulturelle Sensibilit\u00e4t wider, die er im Laufe seines Lebens in Gedanken, Worten und Taten entwickelt hat.  <\/p>\n<p>Die von der Kulturabteilung organisierte Veranstaltung ist Teil des Engagements der Gemeinde, wichtige Pers\u00f6nlichkeiten des literarischen Schaffens auf Fuerteventura, wie Andr\u00e9s, zu w\u00fcrdigen und bekannt zu machen.<\/p>\n<p>Der <strong>B\u00fcrgermeister von Puerto del Rosario, David de Vera<\/strong>, betonte, dass &#8222;es f\u00fcr Puerto del Rosario eine Ehre ist, Gastgeber f\u00fcr die Pr\u00e4sentation dieses Werkes zu sein, das die Klarheit und das Engagement eines Autors widerspiegelt, der es geschafft hat, das Wort in ein lebendiges Erbe unserer Insel zu verwandeln. Andr\u00e9s Gonz\u00e1lez Franc\u00e9s repr\u00e4sentiert eine Generation, die die Poesie zu einer Form des Widerstands, der Erinnerung und der Sch\u00f6nheit gemacht hat&#8220;.<\/p>\n<p><strong>Der Stadtrat f\u00fcr Kultur, Juan Manuel Verdugo<\/strong>, betonte seinerseits, dass &#8222;die Pers\u00f6nlichkeit von Andr\u00e9s Gonz\u00e1lez Franc\u00e9s alle institutionelle und b\u00fcrgerliche Anerkennung f\u00fcr ein Leben der Hingabe an das Denken, die Literatur und den \u00f6ffentlichen Dienst verdient. Sein Werk bereichert nicht nur die Kultur der Insel, sondern hinterl\u00e4sst auch tiefe Spuren in der kollektiven Seele Fuerteventuras&#8220;.<\/p>\n<p>In &#8222;Veinte poemas en llamas&#8220; erreicht Gonz\u00e1lez Franc\u00e9s seine volle poetische Reife. Das Werk umfasst zwanzig Kompositionen, die, wie Juan Jim\u00e9nez, der das Vorwort zu dem Werk schrieb, betont, &#8222;eine gut konzipierte Botschaft in zwanzig Blitzlichtern enthalten, die einen Teil seiner Erfahrung, einen Teil seiner Gef\u00fchle einfangen&#8220;. <\/p>\n<p>Das Werk bietet eine emotionale und \u00e4sthetische Reise durch die universellsten Themen der Poesie: Erinnerung, Leidenschaft, Identit\u00e4t und Widerstand.<\/p>\n<p>Andr\u00e9s Gonz\u00e1lez Franc\u00e9s wurde am 12. Februar 1951 in Morro Jable geboren. W\u00e4hrend seiner gesamten beruflichen Laufbahn hat er sich stets in sozialen, kulturellen und gewerkschaftlichen Angelegenheiten engagiert. Er hat einen Abschluss in Arbeitsbeziehungen und Personalwesen mit einer Spezialisierung in Arbeitssteuerberatung. Au\u00dferdem war er w\u00e4hrend der Zeit des Untergrunds Mitglied der Vereinigten Polizeigewerkschaft (SUP) und wurde nach der Legalisierung der Gewerkschaft zum Vertreter f\u00fcr die Provinz Las Palmas gew\u00e4hlt.  <\/p>\n<p>Er bekleidete ein \u00f6ffentliches Amt als Ratsmitglied im Stadtrat von P\u00e1jara und arbeitete auch als Berufssegler, eine Erfahrung, die sein literarisches Werk und seine \u00f6ffentlichen Interventionen bereicherte. Zu seinen bisherigen Ver\u00f6ffentlichungen geh\u00f6ren Titel wie &#8222;Cuarenta Sentimientos&#8220; (1999), &#8222;Pasiones a la Deriva&#8220; (2006), &#8222;P\u00e1jara en verso. De Sotavento a Barlovento&#8220; (2019) und das Buch mit Kurzgeschichten &#8222;Entre la Historia y la Imaginaci\u00f3n&#8220; (2007). Er hat auch an kollektiven Werken wie &#8222;Salvar El Cotillo. Salvar Fuerteventura&#8220; und &#8222;Los cuentos famosos de Pepe Monagas en d\u00e9cimas&#8220;. Sein poetischer Nachlass umfasst auch 228 unver\u00f6ffentlichte Gedichte.   <\/p>\n<p>F\u00fcr Gonz\u00e1lez Franc\u00e9s ist &#8222;die Poesie das menschlichste Gef\u00fchl, das es gibt&#8220;, wie er in dem Gedicht &#8222;Un batir de alas libres&#8220;, das in seinem neuen Buch enthalten ist, zum Ausdruck bringt: &#8222;Sie ist Verzweiflung und Hoffnung, Duft der Worte, Sultanin der Buchstaben, sie ist eine Blume, die in Versen sprie\u00dft&#8220;.<\/p>\n<p>Die Kulturabteilung ermutigt alle Liebhaber von Literatur, Poesie und Kultur, an dieser Veranstaltung teilzunehmen, bei der nicht nur ein neues Buch vorgestellt wird, sondern auch das Leben, der intellektuelle und k\u00fcnstlerische Werdegang eines Mannes gew\u00fcrdigt wird, der das Wort zu einem Akt der Liebe f\u00fcr sein Land gemacht und einen unausl\u00f6schlichen Stempel in der zeitgen\u00f6ssischen Geschichte Fuerteventuras hinterlassen hat.<\/p>\n<\/p>\n<\/div>\n","protected":false},"excerpt":{"rendered":"<p>Die von der Stadtverwaltung von Puerto del Rosario \u00fcber die Kulturabteilung organisierte Veranstaltung findet am Montag, den 12. Mai, in der Stadtbibliothek statt, um das Leben und die literarische Karriere [&hellip;]<\/p>\n","protected":false},"author":1,"featured_media":3340,"comment_status":"open","ping_status":"open","sticky":false,"template":"","format":"standard","meta":{"inline_featured_image":false,"jnews-multi-image_gallery":[],"jnews_single_post":[],"jnews_primary_category":[],"jnews_social_meta":[],"jnews_override_counter":[],"jnews_post_split":[],"footnotes":""},"categories":[293],"tags":[216],"class_list":["post-3345","post","type-post","status-publish","format-standard","has-post-thumbnail","hentry","category-puerto-del-rosario-de","tag-fuerteventura-de"],"jetpack_featured_media_url":"https:\/\/informacionlocal.es\/wp-content\/uploads\/2025\/05\/biblioteca-22-poesia.jpg","_links":{"self":[{"href":"https:\/\/informacionlocal.es\/de\/wp-json\/wp\/v2\/posts\/3345","targetHints":{"allow":["GET"]}}],"collection":[{"href":"https:\/\/informacionlocal.es\/de\/wp-json\/wp\/v2\/posts"}],"about":[{"href":"https:\/\/informacionlocal.es\/de\/wp-json\/wp\/v2\/types\/post"}],"author":[{"embeddable":true,"href":"https:\/\/informacionlocal.es\/de\/wp-json\/wp\/v2\/users\/1"}],"replies":[{"embeddable":true,"href":"https:\/\/informacionlocal.es\/de\/wp-json\/wp\/v2\/comments?post=3345"}],"version-history":[{"count":0,"href":"https:\/\/informacionlocal.es\/de\/wp-json\/wp\/v2\/posts\/3345\/revisions"}],"wp:featuredmedia":[{"embeddable":true,"href":"https:\/\/informacionlocal.es\/de\/wp-json\/wp\/v2\/media\/3340"}],"wp:attachment":[{"href":"https:\/\/informacionlocal.es\/de\/wp-json\/wp\/v2\/media?parent=3345"}],"wp:term":[{"taxonomy":"category","embeddable":true,"href":"https:\/\/informacionlocal.es\/de\/wp-json\/wp\/v2\/categories?post=3345"},{"taxonomy":"post_tag","embeddable":true,"href":"https:\/\/informacionlocal.es\/de\/wp-json\/wp\/v2\/tags?post=3345"}],"curies":[{"name":"wp","href":"https:\/\/api.w.org\/{rel}","templated":true}]}}