{"id":3318,"date":"2025-05-08T15:58:43","date_gmt":"2025-05-08T15:58:43","guid":{"rendered":"https:\/\/informacionlocal.es\/das-rathaus-von-pajara-wuerdigt-den-dichter-andres-gonzalez-frances\/"},"modified":"2025-05-08T15:58:43","modified_gmt":"2025-05-08T15:58:43","slug":"das-rathaus-von-pajara-wuerdigt-den-dichter-andres-gonzalez-frances","status":"publish","type":"post","link":"https:\/\/informacionlocal.es\/de\/das-rathaus-von-pajara-wuerdigt-den-dichter-andres-gonzalez-frances\/","title":{"rendered":"Das Rathaus von P\u00e1jara w\u00fcrdigt den Dichter Andr\u00e9s Gonz\u00e1lez Franc\u00e9s"},"content":{"rendered":"<div class=\"entry-content\">\n<p><b><i>Die Kommission f\u00fcr Ehrungen und Auszeichnungen billigt den Vorschlag, ihm eine Stra\u00dfe oder einen Platz mit einer Skulptur zu widmen, der in der Plenarsitzung am 15. Mai behandelt wird.<\/i><\/b><\/p>\n<p><span>Der Stadtrat von P\u00e1jara hat \u00fcber die Kommission f\u00fcr Ehrungen und Auszeichnungen beschlossen, der n\u00e4chsten Stadtverordnetenversammlung einen Vorschlag zur Ehrung des Dichters Andr\u00e9s Gonz\u00e1lez Franc\u00e9s vorzulegen. Alle Mitglieder der Kommission, in der die Fraktionen der Sozialistischen Partei, der Coalici\u00f3n Canaria, der Nueva Canarias, der Juntos por P\u00e1jara, der Asambleas Municipales de Fuerteventura und der Partido Popular vertreten sind, haben einstimmig daf\u00fcr gestimmt, den Prozess in Gang zu setzen, der in der Benennung einer Stra\u00dfe oder eines Platzes mit einer Skulptur in Anerkennung des kulturellen Verm\u00e4chtnisses des Schriftstellers gipfeln wird. <\/span><\/p>\n<p><span>Andr\u00e9s Gonz\u00e1lez Franc\u00e9s, geboren 1951 in Morro Jable, ist ein herausragender Dichter aus Fuerteventura, dessen Werke sich durch eine st\u00e4ndige Hingabe an die Identit\u00e4t und die Werte Fuerteventuras auszeichnen. In seinem Leben und in seiner beruflichen Laufbahn arbeitete er als Beamter, Gewerkschafter, Gemeinderat von P\u00e1jara und Seemann, was seinem Werk eine bereichernde und engagierte Sichtweise verleiht. Zu seinen herausragendsten Ver\u00f6ffentlichungen geh\u00f6ren &#8222;Cuarenta Sentimientos&#8220;, &#8222;P\u00e1jara en verso&#8220;, &#8222;Pasiones a la Deriva&#8220;, &#8222;Vivencias y Pensamientos&#8220; und &#8222;De Greguer\u00edas y Haikus&#8220; sowie ein wichtiges erz\u00e4hlerisches Werk und kollektive Kollaborationen. Dar\u00fcber hinaus gibt es eine wertvolle Sammlung von 228 unbearbeiteten Gedichten, die die Breite und Tiefe seines literarischen Erbes zeigt.     <\/span><\/p>\n<p><span>Das Konsistorium ist der Ansicht, dass diese Ehrung dem gemeinsamen Willen entspricht, die Figur des Majorero-Dichters als lokale kulturelle Referenz und als Symbol f\u00fcr das Engagement in der Gesellschaft anzuerkennen. Diese gemeinsame Entscheidung spiegelt die gemeinsame Sensibilit\u00e4t der st\u00e4dtischen K\u00f6rperschaft wider, die Erinnerung an diejenigen zu bewahren und sichtbar zu machen, die zur kulturellen, sozialen und politischen Entwicklung der Gemeinde beigetragen haben.   <\/span><\/p>\n<\/p>\n<div>Teilen Sie<\/div>\n<\/div>\n","protected":false},"excerpt":{"rendered":"<p><i>Die Kommission f\u00fcr Ehrungen und Auszeichnungen billigt den Vorschlag, ihm eine Stra\u00dfe oder einen Platz mit einer Skulptur zu widmen, der in der Plenarsitzung am 15. Mai behandelt wird.<\/i><\/p>\n","protected":false},"author":1,"featured_media":3316,"comment_status":"open","ping_status":"open","sticky":false,"template":"","format":"standard","meta":{"inline_featured_image":false,"jnews-multi-image_gallery":[],"jnews_single_post":[],"jnews_primary_category":[],"jnews_social_meta":[],"jnews_override_counter":[],"jnews_post_split":[],"footnotes":""},"categories":[297],"tags":[216],"class_list":["post-3318","post","type-post","status-publish","format-standard","has-post-thumbnail","hentry","category-pajara-de","tag-fuerteventura-de"],"jetpack_featured_media_url":"https:\/\/informacionlocal.es\/wp-content\/uploads\/2025\/05\/andres-gonzalez-frances.png","_links":{"self":[{"href":"https:\/\/informacionlocal.es\/de\/wp-json\/wp\/v2\/posts\/3318","targetHints":{"allow":["GET"]}}],"collection":[{"href":"https:\/\/informacionlocal.es\/de\/wp-json\/wp\/v2\/posts"}],"about":[{"href":"https:\/\/informacionlocal.es\/de\/wp-json\/wp\/v2\/types\/post"}],"author":[{"embeddable":true,"href":"https:\/\/informacionlocal.es\/de\/wp-json\/wp\/v2\/users\/1"}],"replies":[{"embeddable":true,"href":"https:\/\/informacionlocal.es\/de\/wp-json\/wp\/v2\/comments?post=3318"}],"version-history":[{"count":0,"href":"https:\/\/informacionlocal.es\/de\/wp-json\/wp\/v2\/posts\/3318\/revisions"}],"wp:featuredmedia":[{"embeddable":true,"href":"https:\/\/informacionlocal.es\/de\/wp-json\/wp\/v2\/media\/3316"}],"wp:attachment":[{"href":"https:\/\/informacionlocal.es\/de\/wp-json\/wp\/v2\/media?parent=3318"}],"wp:term":[{"taxonomy":"category","embeddable":true,"href":"https:\/\/informacionlocal.es\/de\/wp-json\/wp\/v2\/categories?post=3318"},{"taxonomy":"post_tag","embeddable":true,"href":"https:\/\/informacionlocal.es\/de\/wp-json\/wp\/v2\/tags?post=3318"}],"curies":[{"name":"wp","href":"https:\/\/api.w.org\/{rel}","templated":true}]}}