{"id":3307,"date":"2025-05-08T12:03:09","date_gmt":"2025-05-08T12:03:09","guid":{"rendered":"https:\/\/informacionlocal.es\/la-oliva-veranstaltet-die-kanarische-woche-vom-19-bis-30-mai\/"},"modified":"2025-05-08T12:03:09","modified_gmt":"2025-05-08T12:03:09","slug":"la-oliva-veranstaltet-die-kanarische-woche-vom-19-bis-30-mai","status":"publish","type":"post","link":"https:\/\/informacionlocal.es\/de\/la-oliva-veranstaltet-die-kanarische-woche-vom-19-bis-30-mai\/","title":{"rendered":"La Oliva veranstaltet die Kanarische Woche vom 19. bis 30. Mai"},"content":{"rendered":"<p>Das Rathaus von La Oliva pr\u00e4sentiert das Programm zum Tag der Kanarischen Inseln \u00fcber die Abteilung f\u00fcr Handel unter der Leitung von Alexandra Mart\u00edn und die Abteilung f\u00fcr Kultur unter der Leitung von David Hern\u00e1ndez. So wird die Gemeinde vom 19. bis 30. Mai verschiedene Aktivit\u00e4ten mit kanarischem Charakter veranstalten. Zum einen bietet das Kulturamt vom 19. bis 24. Mai ein spezielles Programm in Los Lajares an, mit einem breiten Spektrum an kulturellen Aktivit\u00e4ten, die unsere Traditionen, unser Erbe und unsere Identit\u00e4t hervorheben sollen. W\u00e4hrend dieser Woche k\u00f6nnen Sie an verschiedenen Workshops, Vortr\u00e4gen, Spielen und traditionellen Aktivit\u00e4ten teilnehmen, bei denen Kinder und ihre Familien die kanarische Kultur von ihrer besten Seite kennen lernen k\u00f6nnen, wie z. B. beim Trachten-Workshop, bei dem uns gezeigt wird, wie wir unsere Kleidung tragen, wie wir die Schals umbinden, usw.   <\/p>\n<p>Auf dem Programm stehen auch der erste kanarische Meister der K\u00f6che und die kanarische Schulmeisterschaft und das Freundschaftsturnier &#8222;Amigos de la Bola Canaria&#8220;. Am Freitag, dem 23. Mai, k\u00f6nnen die Besucher das Konzert &#8222;Atlantic Sounds&#8220; von Olga Cerpa &amp; Mestisay genie\u00dfen. Das Dorf Los Lajares wird am Samstag, dem 24. Mai, von 10.00 Uhr bis in die fr\u00fchen Morgenstunden mit einem Kunsthandwerkermarkt, dem Erholungsprogramm &#8222;No olvides lo nuestro&#8220; des Cabildo Insular de Fuerteventura, Ziegenmelken, Kindervorstellungen mit unserer traditionellen Musik und einem gro\u00dfen &#8222;Baile Popular Canario&#8220;, begleitet von Folkloregruppen, Parrandas und Volksgruppen, abschlie\u00dfen. Diese letzte Veranstaltung zeichnet sich dadurch aus, dass sie auch von den Nachbarn unterst\u00fctzt wird, was dazu gef\u00fchrt hat, dass diese Veranstaltung Jahr f\u00fcr Jahr in den verschiedenen D\u00f6rfern der Gemeinde durchgef\u00fchrt wird.     <\/p>\n<p>Andererseits informiert das Handelsministerium \u00fcber seine Kampagne &#8222;Semana de Canarias Enyesque Comercial en Corralejo&#8220;, eine Veranstaltung vom 26. bis 30. Mai, bei der in der Avenida Nuestra Se\u00f1ora del Carmen ein kanarischer Markt f\u00fcr Gastro-Kunsthandwerk, musikalische Darbietungen, Show-Cooking, Vortr\u00e4ge, Workshops und Verkostungen stattfinden werden. Gleichzeitig wird die neue Werbekampagne &#8222;La Ruleta del Tenderete&#8220; angek\u00fcndigt, bei der Preise im Wert von 4.000 Euro unter den K\u00e4ufern in den teilnehmenden lokalen Gesch\u00e4ften verteilt werden. Au\u00dferdem wird am 28. Mai in El Cotillo ein gastronomischer Workshop mit einem der charakteristischsten lokalen Produkte der Insel, dem Ziegenfleisch, stattfinden.  <\/p>\n<p>Der B\u00fcrgermeister von La Oliva, Isa\u00ed Blanco, betont: &#8222;Jedes Jahr haben wir die klare Absicht, dieses Fest, den Tag der Kanarischen Inseln, zu unterst\u00fctzen. Das Ziel ist es, die Tradition, die M\u00fche, die Gastfreundschaft und den Stolz unseres Volkes zu verbreiten, was wir waren und noch sind. Aus diesem Grund sind wir stolz darauf, unsere Kultur weiterhin durch kommerzielle Dynamik, Gastronomie und die Unterst\u00fctzung unserer Folkloristen, Produzenten, K\u00f6che und H\u00e4ndler in den verschiedenen Veranstaltungen, die wir vorbereitet haben, zu f\u00f6rdern&#8220;.<\/p>\n<p>Die Stadtr\u00e4tin f\u00fcr Handel, Alexandra Mart\u00edn, sagt: &#8222;Die Idee ist, Tradition, Gastronomie, Handel und Nachbarschaftsbeteiligung in einer Woche zu vereinen, die alles hervorhebt, was unsere kanarische Identit\u00e4t ausmacht. Deshalb machen Aktionen wie diese unsere offenen Gewerbegebiete dynamischer, schaffen Synergien zwischen den Sektoren und bringen wieder Leben in die Stra\u00dfen&#8220;.  <\/p>\n<p>Abschlie\u00dfend betonte der Stadtrat f\u00fcr Kultur, David Hern\u00e1ndez, wie wichtig es ist, unsere Traditionen weiter zu verbreiten: &#8222;F\u00fcr uns ist es wichtig, unsere Traditionen, die Besonderheiten der kanarischen Kultur und kurz gesagt, wer wir sind, weiter bekannt zu machen. Durch Folklore, Tanz und Gastronomie werden wir das Kulturprogramm mit einer ganz besonderen Veranstaltung wie dem Baile de Taifas in Lajares am 24. Mai abrunden&#8220;.<\/p>\n<p>All dies kommt zu den Workshops \u00fcber kanarische Aktivit\u00e4ten hinzu, die in den Schulen der Gemeinde von der Bildungsabteilung unter der Leitung von Omaira Saavedra durchgef\u00fchrt werden, was das gro\u00dfartige Angebot der Stadtverwaltung f\u00fcr dieses Programm im Rahmen des Tages der Kanarischen Inseln unterstreicht.<\/p>\n","protected":false},"excerpt":{"rendered":"<p><span>Das Konsistorium pr\u00e4sentiert ein Programm, das Tradition, Kultur, Gastronomie, Sport und kommerzielle Dynamik miteinander verbindet, um die Aufmerksamkeit von Einheimischen und Besuchern zu gewinnen.<\/span><\/p>\n","protected":false},"author":1,"featured_media":3304,"comment_status":"open","ping_status":"open","sticky":false,"template":"","format":"standard","meta":{"inline_featured_image":false,"jnews-multi-image_gallery":[],"jnews_single_post":[],"jnews_primary_category":[],"jnews_social_meta":[],"jnews_override_counter":[],"jnews_post_split":[],"footnotes":""},"categories":[291],"tags":[216],"class_list":["post-3307","post","type-post","status-publish","format-standard","has-post-thumbnail","hentry","category-la-oliva-de","tag-fuerteventura-de"],"jetpack_featured_media_url":"https:\/\/informacionlocal.es\/wp-content\/uploads\/2025\/05\/5193_08d98bca.png","_links":{"self":[{"href":"https:\/\/informacionlocal.es\/de\/wp-json\/wp\/v2\/posts\/3307","targetHints":{"allow":["GET"]}}],"collection":[{"href":"https:\/\/informacionlocal.es\/de\/wp-json\/wp\/v2\/posts"}],"about":[{"href":"https:\/\/informacionlocal.es\/de\/wp-json\/wp\/v2\/types\/post"}],"author":[{"embeddable":true,"href":"https:\/\/informacionlocal.es\/de\/wp-json\/wp\/v2\/users\/1"}],"replies":[{"embeddable":true,"href":"https:\/\/informacionlocal.es\/de\/wp-json\/wp\/v2\/comments?post=3307"}],"version-history":[{"count":0,"href":"https:\/\/informacionlocal.es\/de\/wp-json\/wp\/v2\/posts\/3307\/revisions"}],"wp:featuredmedia":[{"embeddable":true,"href":"https:\/\/informacionlocal.es\/de\/wp-json\/wp\/v2\/media\/3304"}],"wp:attachment":[{"href":"https:\/\/informacionlocal.es\/de\/wp-json\/wp\/v2\/media?parent=3307"}],"wp:term":[{"taxonomy":"category","embeddable":true,"href":"https:\/\/informacionlocal.es\/de\/wp-json\/wp\/v2\/categories?post=3307"},{"taxonomy":"post_tag","embeddable":true,"href":"https:\/\/informacionlocal.es\/de\/wp-json\/wp\/v2\/tags?post=3307"}],"curies":[{"name":"wp","href":"https:\/\/api.w.org\/{rel}","templated":true}]}}