{"id":3294,"date":"2025-05-08T11:58:52","date_gmt":"2025-05-08T11:58:52","guid":{"rendered":"https:\/\/informacionlocal.es\/eisenkraut-wochenende-bei-den-fiestas-von-triquivijate\/"},"modified":"2025-05-08T11:58:52","modified_gmt":"2025-05-08T11:58:52","slug":"eisenkraut-wochenende-bei-den-fiestas-von-triquivijate","status":"publish","type":"post","link":"https:\/\/informacionlocal.es\/de\/eisenkraut-wochenende-bei-den-fiestas-von-triquivijate\/","title":{"rendered":"Eisenkraut-Wochenende bei den Fiestas von Triquivijate"},"content":{"rendered":"<div class=\"elementor-widget-container\">\n<p><strong>Eisenkraut-Wochenende bei den Fiestas von Triquivijate<\/strong><\/p>\n<p><strong>&#8211; Mejor con Copas im Konzert an diesem Freitag, den 9. Mai um 20:30 Uhr und um 22:30 Uhr das Verbena mit Gente Nueva und Nuevo Klan.<\/strong><\/p>\n<p><strong>&#8211; An diesem Samstag gibt es eine gro\u00dfe Verbena mit Auftritten ab 22:00 Uhr von Grupo Bomba y su Orquesta aus Fuerteventura, gefolgt von der Gruppe Arena aus Gran Canaria und dem Orchester Banda Nueva aus Lanzarote.<\/strong><\/p>\n<p><strong>&#8211; Am Freitagnachmittag und Samstagvormittag sind die Kleinen die Stars der Kinderfeste.<\/strong><\/p>\n<p>Die Fiestas de Triquivijate zu Ehren von San Isidro Labrador und Santa Mar\u00eda de La Cabeza feiern an diesem Wochenende ihre Hauptauff\u00fchrungen, Kinderfeste und T\u00e4nze unter freiem Himmel im Rahmen eines Festprogramms, das vom Rathaus von Antigua von der Abteilung f\u00fcr Festlichkeiten und der Kommission f\u00fcr Fiestas von Triquivijate 2025 organisiert wird.<\/p>\n<p>Wir m\u00f6chten unsere Nachbarn daran erinnern, dass in den N\u00e4chten, in denen die Auff\u00fchrungen in den fr\u00fchen Morgenstunden enden, am Freitag, den 9., von 21.30 bis 02.30 Uhr und am Samstag, den 10., von 22.00 bis 03.30 Uhr ein Taxidienst zur Verf\u00fcgung steht, und der B\u00fcrgermeister, Mat\u00edas Pe\u00f1a, f\u00fcgt hinzu, dass das Vergn\u00fcgen nicht gegen die pers\u00f6nliche Sicherheit oder die der Begleitpersonen verst\u00f6\u00dft.<\/p>\n<p>Dieses Wochenende ist das wichtigste, erkl\u00e4rt der Stadtrat f\u00fcr Feste, Pedro Armas, im Festprogramm der Fiestas de Triquivijate, die am Freitagnachmittag und Samstagvormittag Fiestas Infantiles anbieten.<\/p>\n<p>Mejor con Copas wird mit seinem Auftritt am Freitag um 20:30 Uhr den Rhythmus auf der B\u00fchne vorgeben, gefolgt von Verbena mit Gente Nueva und Nuevo Klan, und am Samstag ab 22:00 Uhr werden Grupo Bomba y su Orquesta aus Fuerteventura, Arena aus Gran Canaria und das Orchester Banda Nueva aus Lanzarote auftreten.<\/p>\n<p>Am Sonntagnachmittag, nach dem Ausruhen und Erholen von den durchtanzten N\u00e4chten, so k\u00fcndigt der Stadtrat an, organisiert die Festkommission um 16.00 Uhr im Merendero del Pueblo ein beliebtes und nachbarschaftliches Grillfest mit musikalischer Begleitung durch DJ Valdivia.<\/p>\n<\/p>\n<\/div>\n","protected":false},"excerpt":{"rendered":"<p><strong>Eisenkraut-Wochenende bei den Fiestas von Triquivijate<\/strong><\/p>\n","protected":false},"author":1,"featured_media":3292,"comment_status":"open","ping_status":"open","sticky":false,"template":"","format":"standard","meta":{"inline_featured_image":false,"jnews-multi-image_gallery":[],"jnews_single_post":[],"jnews_primary_category":[],"jnews_social_meta":[],"jnews_override_counter":[],"jnews_post_split":[],"footnotes":""},"categories":[283],"tags":[216],"class_list":["post-3294","post","type-post","status-publish","format-standard","has-post-thumbnail","hentry","category-antigua-de","tag-fuerteventura-de"],"jetpack_featured_media_url":"https:\/\/informacionlocal.es\/wp-content\/uploads\/2025\/05\/imagen-de-whatsapp-2025-05-05-a-las-10-02-16_238d2d21.jpg","_links":{"self":[{"href":"https:\/\/informacionlocal.es\/de\/wp-json\/wp\/v2\/posts\/3294","targetHints":{"allow":["GET"]}}],"collection":[{"href":"https:\/\/informacionlocal.es\/de\/wp-json\/wp\/v2\/posts"}],"about":[{"href":"https:\/\/informacionlocal.es\/de\/wp-json\/wp\/v2\/types\/post"}],"author":[{"embeddable":true,"href":"https:\/\/informacionlocal.es\/de\/wp-json\/wp\/v2\/users\/1"}],"replies":[{"embeddable":true,"href":"https:\/\/informacionlocal.es\/de\/wp-json\/wp\/v2\/comments?post=3294"}],"version-history":[{"count":0,"href":"https:\/\/informacionlocal.es\/de\/wp-json\/wp\/v2\/posts\/3294\/revisions"}],"wp:featuredmedia":[{"embeddable":true,"href":"https:\/\/informacionlocal.es\/de\/wp-json\/wp\/v2\/media\/3292"}],"wp:attachment":[{"href":"https:\/\/informacionlocal.es\/de\/wp-json\/wp\/v2\/media?parent=3294"}],"wp:term":[{"taxonomy":"category","embeddable":true,"href":"https:\/\/informacionlocal.es\/de\/wp-json\/wp\/v2\/categories?post=3294"},{"taxonomy":"post_tag","embeddable":true,"href":"https:\/\/informacionlocal.es\/de\/wp-json\/wp\/v2\/tags?post=3294"}],"curies":[{"name":"wp","href":"https:\/\/api.w.org\/{rel}","templated":true}]}}