{"id":3270,"date":"2025-05-08T08:39:18","date_gmt":"2025-05-08T08:39:18","guid":{"rendered":"https:\/\/informacionlocal.es\/la-oliva-foerdert-workshops-ueber-kanarische-aktivitaeten-in-den-schulen-der-gemeinde\/"},"modified":"2025-05-08T08:39:18","modified_gmt":"2025-05-08T08:39:18","slug":"la-oliva-foerdert-workshops-ueber-kanarische-aktivitaeten-in-den-schulen-der-gemeinde","status":"publish","type":"post","link":"https:\/\/informacionlocal.es\/de\/la-oliva-foerdert-workshops-ueber-kanarische-aktivitaeten-in-den-schulen-der-gemeinde\/","title":{"rendered":"La Oliva f\u00f6rdert Workshops \u00fcber kanarische Aktivit\u00e4ten in den Schulen der Gemeinde"},"content":{"rendered":"<p>Die Stadtverwaltung von La Oliva engagiert sich \u00fcber die von Omaira Saavedra geleitete Bildungsabteilung f\u00fcr das Projekt &#8222;Aula de tradiciones&#8220;, ein Programm, das die Verbreitung von inseltypischen T\u00e4tigkeiten vergangener Zeiten unter den Sch\u00fclern der Gemeinde f\u00f6rdert. In diesem Sinne zielen die Workshops darauf ab, \u00fcber die informative Ebene hinauszugehen, so dass die j\u00fcngsten Kinder auf praktische Weise verschiedene traditionelle T\u00e4tigkeiten wie Viehzucht, Fischerei, Landwirtschaft, Musik, Weben und Segeln mit Leinen erleben k\u00f6nnen.   <\/p>\n<p>Dieser Ansatz zielt darauf ab, \u00fcber einen einfachen Tag mit oberfl\u00e4chlichem Wissen \u00fcber die Lebensweise unserer kanarischen Vorfahren hinauszugehen. Aus diesem Grund haben wir uns zu einer umfassenden Umsetzung verpflichtet, bei der die Sch\u00fcler in verschiedenen Sitzungen w\u00e4hrend der Monate April und Mai die Aufgaben und T\u00e4tigkeiten der kanarischen Vorfahren auf umfassendere Weise kennenlernen k\u00f6nnen.   <\/p>\n<p>Der B\u00fcrgermeister von La Oliva, Isa\u00ed Blanco, sagt: &#8222;Die Entwicklung des Programms st\u00e4rkt die kanarische Identit\u00e4t und das Zugeh\u00f6rigkeitsgef\u00fchl und f\u00f6rdert die Achtung der kulturellen Vielfalt. Zwei Monate lang haben die Kinder die M\u00f6glichkeit, mit Aktivit\u00e4ten in Kontakt zu kommen, die auf unseren Inseln heimisch sind und an die Werte und Br\u00e4uche unseres Volkes erinnern&#8220;.  <\/p>\n<p>Die Stadtr\u00e4tin f\u00fcr Bildung, Omaira Saavedra, betont, wie wichtig es ist, den Sch\u00fclern der Gemeinde diese Art von Workshops anzubieten: &#8222;Wir vom Stadtrat halten es f\u00fcr grundlegend, weiterhin Aktivit\u00e4ten zu f\u00f6rdern, die die j\u00fcngsten Kinder an den kanarischen Charakter erinnern. Die Workshops decken verschiedene Bereiche ab, von unserer Folklore mit Musik und Tanz bis hin zu alten Lebensmitteln wie der Viehzucht, einschlie\u00dflich der Weberei und dem Sport mit dem Lateinsegeln. Dieses Projekt wurde in der Hoffnung ins Leben gerufen, dass die Kinder diese Aktivit\u00e4ten \u00fcber einen Zeitraum von zwei Monaten mehrmals erleben k\u00f6nnen, so dass sie diese Lernerfahrung auch in den kommenden Jahren beibehalten k\u00f6nnen.  <\/p>\n<p>Zum Abschluss k\u00f6nnen die Sch\u00fcler das Gelernte auf einer Messe am 28. Mai ausstellen und so den kulturellen Reichtum der Inseln miteinander teilen.<\/p>\n","protected":false},"excerpt":{"rendered":"<p><span>Das Konsistorium f\u00f6rdert die lokalen Aktivit\u00e4ten der Kanarischen Inseln in den Monaten April und Mai im Rahmen des Tags der Kanarischen Inseln.<\/span><\/p>\n","protected":false},"author":1,"featured_media":3268,"comment_status":"open","ping_status":"open","sticky":false,"template":"","format":"standard","meta":{"inline_featured_image":false,"jnews-multi-image_gallery":[],"jnews_single_post":[],"jnews_primary_category":[],"jnews_social_meta":[],"jnews_override_counter":[],"jnews_post_split":[],"footnotes":""},"categories":[291],"tags":[306],"class_list":["post-3270","post","type-post","status-publish","format-standard","has-post-thumbnail","hentry","category-la-oliva-de","tag-educacion-de"],"jetpack_featured_media_url":"https:\/\/informacionlocal.es\/wp-content\/uploads\/2025\/05\/5192_13c2c57d.png","_links":{"self":[{"href":"https:\/\/informacionlocal.es\/de\/wp-json\/wp\/v2\/posts\/3270","targetHints":{"allow":["GET"]}}],"collection":[{"href":"https:\/\/informacionlocal.es\/de\/wp-json\/wp\/v2\/posts"}],"about":[{"href":"https:\/\/informacionlocal.es\/de\/wp-json\/wp\/v2\/types\/post"}],"author":[{"embeddable":true,"href":"https:\/\/informacionlocal.es\/de\/wp-json\/wp\/v2\/users\/1"}],"replies":[{"embeddable":true,"href":"https:\/\/informacionlocal.es\/de\/wp-json\/wp\/v2\/comments?post=3270"}],"version-history":[{"count":0,"href":"https:\/\/informacionlocal.es\/de\/wp-json\/wp\/v2\/posts\/3270\/revisions"}],"wp:featuredmedia":[{"embeddable":true,"href":"https:\/\/informacionlocal.es\/de\/wp-json\/wp\/v2\/media\/3268"}],"wp:attachment":[{"href":"https:\/\/informacionlocal.es\/de\/wp-json\/wp\/v2\/media?parent=3270"}],"wp:term":[{"taxonomy":"category","embeddable":true,"href":"https:\/\/informacionlocal.es\/de\/wp-json\/wp\/v2\/categories?post=3270"},{"taxonomy":"post_tag","embeddable":true,"href":"https:\/\/informacionlocal.es\/de\/wp-json\/wp\/v2\/tags?post=3270"}],"curies":[{"name":"wp","href":"https:\/\/api.w.org\/{rel}","templated":true}]}}