{"id":3246,"date":"2025-05-07T21:12:15","date_gmt":"2025-05-07T21:12:15","guid":{"rendered":"https:\/\/informacionlocal.es\/puerto-del-rosario-ermoeglicht-die-erweiterung-der-klaeranlage-nach-genehmigung-durch-den-wasserrat-der-insel-und-die-kanarische-regierung\/"},"modified":"2025-05-07T21:12:15","modified_gmt":"2025-05-07T21:12:15","slug":"puerto-del-rosario-ermoeglicht-die-erweiterung-der-klaeranlage-nach-genehmigung-durch-den-wasserrat-der-insel-und-die-kanarische-regierung","status":"publish","type":"post","link":"https:\/\/informacionlocal.es\/de\/puerto-del-rosario-ermoeglicht-die-erweiterung-der-klaeranlage-nach-genehmigung-durch-den-wasserrat-der-insel-und-die-kanarische-regierung\/","title":{"rendered":"Puerto del Rosario erm\u00f6glicht die Erweiterung der Kl\u00e4ranlage nach Genehmigung durch den Wasserrat der Insel und die kanarische Regierung"},"content":{"rendered":"<div class=\"entry-content\">\n<p>Der Stadtrat von Puerto del Rosario begr\u00fc\u00dft die endg\u00fcltige Genehmigung des Projekts zur <strong>Erweiterung der Kl\u00e4ranlage<\/strong> der Gemeinde, einer Infrastruktur, die von der <strong>Generaldirektion f\u00fcr Wasser der Kanarischen Regierung<\/strong> in Abstimmung mit dem <strong>Wasserrat der Insel Fuerteventura (CIAF<\/strong> ) und im Rahmen des Kooperationsabkommens mit dem Staat gef\u00f6rdert wird.<\/p>\n<p>Das Projekt wird <strong>die derzeitige Kl\u00e4rkapazit\u00e4t verdoppeln<\/strong>, d.h. 3.000 Kubikmeter pro Tag auf insgesamt <strong>6.000 m\u00b3\/Tag<\/strong>, indem neue Kl\u00e4ranlagen eingebaut werden. Das Projekt ist auf die Zukunft ausgerichtet und bietet <strong>Platz f\u00fcr sp\u00e4tere Erweiterungen<\/strong> bis zum Jahr 2030. <\/p>\n<p>Der Stadtrat hat aktiv zum Erfolg dieser Initiative beigetragen, indem er <strong>die erforderlichen Grundst\u00fccke zur Verf\u00fcgung gestellt und alle st\u00e4dtebaulichen Verfahren beschleunigt hat<\/strong>, um eine rasche Umsetzung zu erm\u00f6glichen.<\/p>\n<p>&#8222;<em>Diese Kl\u00e4ranlage ist eine wichtige Infrastruktur f\u00fcr Puerto del Rosario<\/em>&#8222;, sagte B\u00fcrgermeister <strong>David de Vera<\/strong>. <em>&#8222;Sie erm\u00f6glicht es uns, einen technischen Engpass zu beheben, der die wohnliche und soziale Entwicklung der Gemeinde behindert hat. Das Rathaus hat verantwortungsvoll gehandelt, indem es das Grundst\u00fcck zur Verf\u00fcgung gestellt und die institutionelle Zusammenarbeit garantiert hat, um dieses strategische Projekt zu verwirklichen. Die B\u00fcrger k\u00f6nnen nicht l\u00e4nger warten, und wir k\u00f6nnen heute sagen, dass wir auf dem richtigen Weg sind&#8220;.<\/em><\/p>\n<p>Das Projekt wird sich unmittelbar auf die Stadtentwicklung der Gemeinde auswirken, da es die Freigabe von neuen Wohnsiedlungen erm\u00f6glicht, wie z. B. die bereits genehmigten <strong>76 Sozialwohnungen in Rosavila<\/strong> und mehr als <strong>500 geplante Wohnungen im Gebiet des Teilplans Los Pozos<\/strong>, sowie den Bau neuer \u00f6ffentlicher Einrichtungen und Anlagen.<\/p>\n<p>Der <strong>Stadtrat f\u00fcr kommunale Dienstleistungen, David de Le\u00f3n<\/strong>, betonte, dass <em>&#8222;dies ein Beispiel daf\u00fcr ist, wie technische Planung und koordinierte Arbeit zwischen den Verwaltungen zu echten Ergebnissen f\u00fcr die Einwohner f\u00fchrt. Diese Kl\u00e4ranlage verbessert nicht nur die Qualit\u00e4t der Abwasserentsorgung, sondern \u00f6ffnet auch die T\u00fcr zu einer umfassenden Modernisierung des Wassersystems der Gemeinde, auf die wir seit Jahren gewartet haben&#8220;.<\/em><\/p>\n<p>Die <strong>Stadtr\u00e4tin f\u00fcr Bauwesen, Planung und Stadtentwicklung, Ana Hern\u00e1ndez<\/strong>, f\u00fcgte ihrerseits hinzu, dass <em>&#8222;das Wachstum von Puerto del Rosario geordnet, sicher und nachhaltig sein muss. Und das ist nur m\u00f6glich, wenn wir \u00fcber moderne Infrastrukturen verf\u00fcgen. Im Bereich Planung und St\u00e4dtebau f\u00f6rdern wir alle st\u00e4dtebaulichen und \u00f6ffentlichen Projekte, die von dieser Ma\u00dfnahme abh\u00e4ngen, damit es keine unn\u00f6tigen Verz\u00f6gerungen mehr gibt&#8220;.<\/em><\/p>\n<p>Das Projekt, das vor kurzem von der <strong>Generalversammlung des Wasserrates der Insel<\/strong> genehmigt wurde, ist Teil der Ziele des <strong>Hydrologischen Plans von Fuerteventura<\/strong>, dessen vierter Zyklus (2027-2033) gerade begonnen hat. Es steht im Einklang mit der Politik der Wiederverwendung von Wasser, der Verbesserung der Energieeffizienz und der Anpassung an die k\u00fcnftigen Bed\u00fcrfnisse der Bev\u00f6lkerung. <\/p>\n<\/div>\n","protected":false},"excerpt":{"rendered":"<p>Der Stadtrat von Puerto del Rosario begr\u00fc\u00dft die endg\u00fcltige Genehmigung des Projekts zur Erweiterung der Kl\u00e4ranlage der Gemeinde, einer Infrastruktur, die von der Generaldirektion f\u00fcr Wasser der Kanarischen Regierung in [&hellip;]<\/p>\n","protected":false},"author":1,"featured_media":3244,"comment_status":"open","ping_status":"open","sticky":false,"template":"","format":"standard","meta":{"inline_featured_image":false,"jnews-multi-image_gallery":[],"jnews_single_post":[],"jnews_primary_category":[],"jnews_social_meta":[],"jnews_override_counter":[],"jnews_post_split":[],"footnotes":""},"categories":[293],"tags":[323,246],"class_list":["post-3246","post","type-post","status-publish","format-standard","has-post-thumbnail","hentry","category-puerto-del-rosario-de","tag-aufenthalt","tag-formalitaten"],"jetpack_featured_media_url":"https:\/\/informacionlocal.es\/wp-content\/uploads\/2025\/05\/depuradora-titu-nueva-0525.jpg","_links":{"self":[{"href":"https:\/\/informacionlocal.es\/de\/wp-json\/wp\/v2\/posts\/3246","targetHints":{"allow":["GET"]}}],"collection":[{"href":"https:\/\/informacionlocal.es\/de\/wp-json\/wp\/v2\/posts"}],"about":[{"href":"https:\/\/informacionlocal.es\/de\/wp-json\/wp\/v2\/types\/post"}],"author":[{"embeddable":true,"href":"https:\/\/informacionlocal.es\/de\/wp-json\/wp\/v2\/users\/1"}],"replies":[{"embeddable":true,"href":"https:\/\/informacionlocal.es\/de\/wp-json\/wp\/v2\/comments?post=3246"}],"version-history":[{"count":0,"href":"https:\/\/informacionlocal.es\/de\/wp-json\/wp\/v2\/posts\/3246\/revisions"}],"wp:featuredmedia":[{"embeddable":true,"href":"https:\/\/informacionlocal.es\/de\/wp-json\/wp\/v2\/media\/3244"}],"wp:attachment":[{"href":"https:\/\/informacionlocal.es\/de\/wp-json\/wp\/v2\/media?parent=3246"}],"wp:term":[{"taxonomy":"category","embeddable":true,"href":"https:\/\/informacionlocal.es\/de\/wp-json\/wp\/v2\/categories?post=3246"},{"taxonomy":"post_tag","embeddable":true,"href":"https:\/\/informacionlocal.es\/de\/wp-json\/wp\/v2\/tags?post=3246"}],"curies":[{"name":"wp","href":"https:\/\/api.w.org\/{rel}","templated":true}]}}