{"id":3235,"date":"2025-05-07T11:43:04","date_gmt":"2025-05-07T11:43:04","guid":{"rendered":"https:\/\/informacionlocal.es\/neue-taxivereinigung-in-der-gemeinde-caleta-de-fuste-antigua-i\/"},"modified":"2025-05-07T11:43:04","modified_gmt":"2025-05-07T11:43:04","slug":"neue-taxivereinigung-in-der-gemeinde-caleta-de-fuste-antigua-i","status":"publish","type":"post","link":"https:\/\/informacionlocal.es\/de\/neue-taxivereinigung-in-der-gemeinde-caleta-de-fuste-antigua-i\/","title":{"rendered":"Neue Taxivereinigung in der Gemeinde Caleta de Fuste Antigua I"},"content":{"rendered":"<div class=\"elementor-widget-container\">\n<p><strong>Neue Taxivereinigung in der Gemeinde Caleta de Fuste Antigua I<\/strong><\/p>\n<p><strong>&#8211; Mit der Gr\u00fcndung der Taxivereinigung Caleta de Fuste Antigua I gibt es nun offiziell zwei Vereinigungen, die Dienstleistungen in der Gemeinde anbieten.<\/strong><\/p>\n<p><strong>&#8211; Gleiche Rechte und Pflichten f\u00fcr die Mitglieder, Eigent\u00fcmer und Fahrer beider Taxiverb\u00e4nde, unter Ber\u00fccksichtigung der Bed\u00fcrfnisse der Nachfrage und der kommunalen Vorschriften.<\/strong><\/p>\n<p>Der neue Taxiverband Caleta de Fuste Antigua I wurde dem B\u00fcrgermeister Mat\u00edas Pe\u00f1a vorgestellt. Die Vereinigung wird als eine neue vorgestellt, ihr Pr\u00e4sident ist ein altgedientes und bekanntes Gesicht in der Branche, wie Paco Vera, sagt der B\u00fcrgermeister w\u00e4hrend der Sitzung, an der auch, neben anderen Ratsmitgliedern, der Leiter des Verkehrsamtes, Agust\u00edn G. Rodr\u00edguez, und der stellvertretende Hauptinspektor der lokalen Polizei von Antigua, Domingo Fr\u00e1nquiz, teilnahmen. <\/p>\n<p>Das Hauptziel des Verbandes ist die Verbesserung des Verkehrsdienstes in der Gemeinde, sei es an den Haltestellen, in den Hotels oder durch telefonische Anfragen oder durch die Online-Anmeldung.<\/p>\n<p>Das Rathaus von Antigua wird Treffen mit den beiden offiziellen Taxiverb\u00e4nden der Gemeinde abhalten, um deren Bed\u00fcrfnisse zu er\u00f6rtern, damit den Kunden und Nachbarn, die dies ben\u00f6tigen, die bestm\u00f6gliche Aufmerksamkeit, Reaktion und Dienstleistung garantiert werden kann, so der B\u00fcrgermeister.<\/p>\n<p>W\u00e4hrend der Pr\u00e4sentation der neuen Vereinigung wurden verschiedene Themen diskutiert, unter anderem wies der stellvertretende Chefinspektor der \u00f6rtlichen Polizei auf die \u00dcberwachungsdienste vor allem in Caleta de Fuste hin, auf die Koordination mit der Guardia Civil, die \u00fcber die letzten Aktionen und Verhaftungen informiert, sowie auf den Standort der Sicherheitskameras, die ihre Anzahl und Pr\u00e4senz in den Taxist\u00e4nden erh\u00f6hen werden, und ermutigte den stellvertretenden Chefinspektor, jede beobachtete Straftat zu melden, nicht nur zu melden, um darauf reagieren zu k\u00f6nnen.<\/p>\n<p>Die Tatsache, dass es einen oder mehrere Verb\u00e4nde in der Gemeinde gibt, h\u00e4ngt nicht von der Stadtverwaltung von Antigua ab, und der B\u00fcrgermeister erkl\u00e4rt, dass wir uns mit allen Verb\u00e4nden, die es gibt, treffen werden, um mit den verschiedenen Vorschl\u00e4gen, die gemacht werden, auf das gleiche Ziel hinzuarbeiten, n\u00e4mlich den Service zu verst\u00e4rken, zu garantieren und zu verbessern.<\/p>\n<\/div>\n","protected":false},"excerpt":{"rendered":"<p><strong>Neue Taxivereinigung in der Gemeinde Caleta de Fuste Antigua I<\/strong><\/p>\n","protected":false},"author":1,"featured_media":3232,"comment_status":"open","ping_status":"open","sticky":false,"template":"","format":"standard","meta":{"inline_featured_image":false,"jnews-multi-image_gallery":[],"jnews_single_post":[],"jnews_primary_category":[],"jnews_social_meta":[],"jnews_override_counter":[],"jnews_post_split":[],"footnotes":""},"categories":[283],"tags":[],"class_list":["post-3235","post","type-post","status-publish","format-standard","has-post-thumbnail","hentry","category-antigua-de"],"jetpack_featured_media_url":"https:\/\/informacionlocal.es\/wp-content\/uploads\/2025\/05\/nueva-asociacion-de-taxis-2-scaled-1.jpg","_links":{"self":[{"href":"https:\/\/informacionlocal.es\/de\/wp-json\/wp\/v2\/posts\/3235","targetHints":{"allow":["GET"]}}],"collection":[{"href":"https:\/\/informacionlocal.es\/de\/wp-json\/wp\/v2\/posts"}],"about":[{"href":"https:\/\/informacionlocal.es\/de\/wp-json\/wp\/v2\/types\/post"}],"author":[{"embeddable":true,"href":"https:\/\/informacionlocal.es\/de\/wp-json\/wp\/v2\/users\/1"}],"replies":[{"embeddable":true,"href":"https:\/\/informacionlocal.es\/de\/wp-json\/wp\/v2\/comments?post=3235"}],"version-history":[{"count":0,"href":"https:\/\/informacionlocal.es\/de\/wp-json\/wp\/v2\/posts\/3235\/revisions"}],"wp:featuredmedia":[{"embeddable":true,"href":"https:\/\/informacionlocal.es\/de\/wp-json\/wp\/v2\/media\/3232"}],"wp:attachment":[{"href":"https:\/\/informacionlocal.es\/de\/wp-json\/wp\/v2\/media?parent=3235"}],"wp:term":[{"taxonomy":"category","embeddable":true,"href":"https:\/\/informacionlocal.es\/de\/wp-json\/wp\/v2\/categories?post=3235"},{"taxonomy":"post_tag","embeddable":true,"href":"https:\/\/informacionlocal.es\/de\/wp-json\/wp\/v2\/tags?post=3235"}],"curies":[{"name":"wp","href":"https:\/\/api.w.org\/{rel}","templated":true}]}}