{"id":3223,"date":"2025-05-07T08:35:55","date_gmt":"2025-05-07T08:35:55","guid":{"rendered":"https:\/\/informacionlocal.es\/die-anmeldefrist-fuer-die-parade-jandia-pride-2025-ist-nun-eroeffnet\/"},"modified":"2025-05-07T08:35:55","modified_gmt":"2025-05-07T08:35:55","slug":"die-anmeldefrist-fuer-die-parade-jandia-pride-2025-ist-nun-eroeffnet","status":"publish","type":"post","link":"https:\/\/informacionlocal.es\/de\/die-anmeldefrist-fuer-die-parade-jandia-pride-2025-ist-nun-eroeffnet\/","title":{"rendered":"Die Anmeldefrist f\u00fcr die Parade Jand\u00eda Pride 2025 ist nun er\u00f6ffnet."},"content":{"rendered":"<div class=\"entry-content\">\n<p><b><i>Die Parade findet am Samstag, den 17. Mai in Morro Jable statt und beginnt um 17:00 Uhr an der Avenida del Saladar.<\/i><\/b><\/p>\n<p><span>Das Rathaus von P\u00e1jara hat \u00fcber seine Kulturabteilung unter der Leitung von Raquel Acosta die Anmeldefrist f\u00fcr Wagen er\u00f6ffnet, die an der Jand\u00eda Pride Parade am Samstag, den 17. Mai, teilnehmen m\u00f6chten.  <\/span><\/p>\n<p><span>Die Veranstaltung beginnt mit der Aufstellung des Festzugs um 15:00 Uhr an der Avenida del Saladar (Solana Matorral), und die Route beginnt um 17:00 Uhr. Alle Fahrzeuge und Festwagen m\u00fcssen vor der Startzeit anwesend sein.   <\/span><\/p>\n<p><span>Um teilzunehmen, muss man sich mit einem Anmeldeformular bei der Stadtverwaltung anmelden. Die Frist l\u00e4uft noch bis zum 14. Mai um 13.00 Uhr. Das Anmeldeformular ist bei der Concejal\u00eda de Cultura und auf der Website des Konsistoriums erh\u00e4ltlich. Die ordnungsgem\u00e4\u00df ausgef\u00fcllte und mit den erforderlichen Unterlagen versehene Anmeldung muss \u00fcber das Eintragungsregister eingereicht werden.   <\/span><\/p>\n<p>Sie k\u00f6nnen die Regeln unter folgendem Link einsehen REGELN F\u00dcR DIE KAROTTEN<\/p>\n<p><img loading=\"lazy\" decoding=\"async\" loading=\"lazy\" class=\"alignnone size-medium wp-image-20109\" src=\"https:\/\/informacionlocal.es\/wp-content\/uploads\/2025\/05\/whatsapp-image-2025-05-06-at-16-00-04-243x300-1.jpeg\" width=\"243\" height=\"300\" title=\"whatsapp-image-2025-05-06-at-16-00-04-243x300-1\"><\/p>\n<div>Teilen Sie<\/div>\n<\/div>\n","protected":false},"excerpt":{"rendered":"<p><i>Die Parade findet am Samstag, den 17. Mai in Morro Jable statt und beginnt um 17:00 Uhr an der Avenida del Saladar.<\/i><\/p>\n","protected":false},"author":1,"featured_media":3216,"comment_status":"open","ping_status":"open","sticky":false,"template":"","format":"standard","meta":{"inline_featured_image":false,"jnews-multi-image_gallery":[],"jnews_single_post":[],"jnews_primary_category":[],"jnews_social_meta":[],"jnews_override_counter":[],"jnews_post_split":[],"footnotes":""},"categories":[297],"tags":[],"class_list":["post-3223","post","type-post","status-publish","format-standard","has-post-thumbnail","hentry","category-pajara-de"],"jetpack_featured_media_url":"https:\/\/informacionlocal.es\/wp-content\/uploads\/2025\/05\/whatsapp-image-2025-05-06-at-16-00-04.jpeg","_links":{"self":[{"href":"https:\/\/informacionlocal.es\/de\/wp-json\/wp\/v2\/posts\/3223","targetHints":{"allow":["GET"]}}],"collection":[{"href":"https:\/\/informacionlocal.es\/de\/wp-json\/wp\/v2\/posts"}],"about":[{"href":"https:\/\/informacionlocal.es\/de\/wp-json\/wp\/v2\/types\/post"}],"author":[{"embeddable":true,"href":"https:\/\/informacionlocal.es\/de\/wp-json\/wp\/v2\/users\/1"}],"replies":[{"embeddable":true,"href":"https:\/\/informacionlocal.es\/de\/wp-json\/wp\/v2\/comments?post=3223"}],"version-history":[{"count":0,"href":"https:\/\/informacionlocal.es\/de\/wp-json\/wp\/v2\/posts\/3223\/revisions"}],"wp:featuredmedia":[{"embeddable":true,"href":"https:\/\/informacionlocal.es\/de\/wp-json\/wp\/v2\/media\/3216"}],"wp:attachment":[{"href":"https:\/\/informacionlocal.es\/de\/wp-json\/wp\/v2\/media?parent=3223"}],"wp:term":[{"taxonomy":"category","embeddable":true,"href":"https:\/\/informacionlocal.es\/de\/wp-json\/wp\/v2\/categories?post=3223"},{"taxonomy":"post_tag","embeddable":true,"href":"https:\/\/informacionlocal.es\/de\/wp-json\/wp\/v2\/tags?post=3223"}],"curies":[{"name":"wp","href":"https:\/\/api.w.org\/{rel}","templated":true}]}}