{"id":3162,"date":"2025-05-06T21:16:27","date_gmt":"2025-05-06T21:16:27","guid":{"rendered":"https:\/\/informacionlocal.es\/die-casa-de-la-cultura-von-puerto-del-rosario-praesentiert-die-ausstellung-proyecto-origen-die-vulkanische-umwelt-unserer-insel\/"},"modified":"2025-05-06T21:16:27","modified_gmt":"2025-05-06T21:16:27","slug":"die-casa-de-la-cultura-von-puerto-del-rosario-praesentiert-die-ausstellung-proyecto-origen-die-vulkanische-umwelt-unserer-insel","status":"publish","type":"post","link":"https:\/\/informacionlocal.es\/de\/die-casa-de-la-cultura-von-puerto-del-rosario-praesentiert-die-ausstellung-proyecto-origen-die-vulkanische-umwelt-unserer-insel\/","title":{"rendered":"Die Casa de la Cultura von Puerto del Rosario pr\u00e4sentiert die Ausstellung &#8222;Proyecto Origen. Die vulkanische Umwelt unserer Insel&#8220;."},"content":{"rendered":"<div class=\"entry-content\">\n<div class=\"xdj266r x11i5rnm xat24cr x1mh8g0r x1vvkbs x126k92a\">\n<div dir=\"auto\">Die Stadtverwaltung von Puerto del Rosario teilt \u00fcber die Abteilung f\u00fcr Kultur mit, dass am Dienstagnachmittag, dem 6. Mai, die Ausstellung &#8222;Proyecto Origen&#8220; in der Casa de la Cultura von Puerto del Rosario er\u00f6ffnet wurde. Vulkanische Umgebung unserer Insel&#8220;. Eine Ausstellung von Gem\u00e4lden der Sch\u00fcler des Centro de Educaci\u00f3n de Personas Adultas (CEPA) Fuerteventura Norte. <\/div>\n<\/div>\n<div class=\"x11i5rnm xat24cr x1mh8g0r x1vvkbs xtlvy1s x126k92a\">\n<div dir=\"auto\"><span class=\"html-span xexx8yu x4uap5 x18d9i69 xkhd6sd x1hl2dhg x16tdsg8 x1vvkbs x3nfvp2 x1j61x8r x1fcty0u xdj266r xat24cr xgzva0m xhhsvwb xxymvpz xlup9mm x1kky2od\"><img loading=\"lazy\" decoding=\"async\" loading=\"lazy\" class=\"xz74otr x168nmei x13lgxp2 x5pf9jr xo71vjh\" src=\"https:\/\/informacionlocal.es\/wp-content\/uploads\/2025\/05\/1f5e3.png\" alt=\"\ud83d\udde3\" width=\"16\" height=\"16\" title=\"1f5e3\"><\/span>  Der Stadtrat f\u00fcr Kultur, Juan Manuel Verdugo, begl\u00fcckw\u00fcnschte die Sch\u00fcler und Lehrer &#8222;f\u00fcr die solidarische Initiative der 19 Werke, die in den st\u00e4dtischen Einrichtungen ausgestellt sind und die \u00d6ffentlichkeit einladen, sie zu genie\u00dfen&#8220;.<\/div>\n<\/div>\n<div class=\"x11i5rnm xat24cr x1mh8g0r x1vvkbs xtlvy1s x126k92a\">\n<div dir=\"auto\"><span class=\"html-span xexx8yu x4uap5 x18d9i69 xkhd6sd x1hl2dhg x16tdsg8 x1vvkbs x3nfvp2 x1j61x8r x1fcty0u xdj266r xat24cr xgzva0m xhhsvwb xxymvpz xlup9mm x1kky2od\"><img loading=\"lazy\" decoding=\"async\" loading=\"lazy\" class=\"xz74otr x168nmei x13lgxp2 x5pf9jr xo71vjh\" src=\"https:\/\/informacionlocal.es\/wp-content\/uploads\/2025\/05\/1f5e3.png\" alt=\"\ud83d\udde3\" width=\"16\" height=\"16\" title=\"1f5e3\"><\/span>  Die Lehrerin des CEPA, Aldaia Argandona, &#8222;dankte den Sch\u00fclerinnen und Sch\u00fclern f\u00fcr ihre Beteiligung an der Aktion und daf\u00fcr, dass sie diese fantastische Initiative zusammen mit dem Engagement der Schulleitung durchf\u00fchren konnten, da der Erl\u00f6s aus dem Verkauf dieser Werke der spanischen Krebsgesellschaft gespendet wird&#8220;.<\/div>\n<\/div>\n<div class=\"x11i5rnm xat24cr x1mh8g0r x1vvkbs xtlvy1s x126k92a\">\n<div dir=\"auto\"><span class=\"html-span xexx8yu x4uap5 x18d9i69 xkhd6sd x1hl2dhg x16tdsg8 x1vvkbs x3nfvp2 x1j61x8r x1fcty0u xdj266r xat24cr xgzva0m xhhsvwb xxymvpz xlup9mm x1kky2od\"><img loading=\"lazy\" decoding=\"async\" loading=\"lazy\" class=\"xz74otr x168nmei x13lgxp2 x5pf9jr xo71vjh\" src=\"https:\/\/informacionlocal.es\/wp-content\/uploads\/2025\/05\/1f5e3.png\" alt=\"\ud83d\udde3\" width=\"16\" height=\"16\" title=\"1f5e3\"><\/span>  Die Vorsitzende der Asociaci\u00f3n Fuerteventura Contra el C\u00e1ncer, Isabel Lauricica, bedankte sich &#8222;f\u00fcr die Zuneigung und Solidarit\u00e4t der Lehrer und Sch\u00fcler, die den Kampf gegen den Krebs durch Kunst und Kultur unterst\u00fctzen&#8220;.<\/div>\n<\/div>\n<div class=\"x11i5rnm xat24cr x1mh8g0r x1vvkbs xtlvy1s x126k92a\">\n<div dir=\"auto\"><span class=\"html-span xexx8yu x4uap5 x18d9i69 xkhd6sd x1hl2dhg x16tdsg8 x1vvkbs x3nfvp2 x1j61x8r x1fcty0u xdj266r xat24cr xgzva0m xhhsvwb xxymvpz xlup9mm x1kky2od\"><img loading=\"lazy\" decoding=\"async\" loading=\"lazy\" class=\"xz74otr x168nmei x13lgxp2 x5pf9jr xo71vjh\" src=\"https:\/\/informacionlocal.es\/wp-content\/uploads\/2025\/05\/1f4c6.png\" alt=\"\ud83d\udcc6\" width=\"16\" height=\"16\" title=\"1f4c6\"><\/span>Die Ausstellung ist vom 6. bis 30. Mai ge\u00f6ffnet.<\/div>\n<div dir=\"auto\"><span class=\"html-span xexx8yu x4uap5 x18d9i69 xkhd6sd x1hl2dhg x16tdsg8 x1vvkbs x3nfvp2 x1j61x8r x1fcty0u xdj266r xat24cr xgzva0m xhhsvwb xxymvpz xlup9mm x1kky2od\"><img loading=\"lazy\" decoding=\"async\" loading=\"lazy\" class=\"xz74otr x168nmei x13lgxp2 x5pf9jr xo71vjh\" src=\"https:\/\/informacionlocal.es\/wp-content\/uploads\/2025\/05\/1f4cd.png\" alt=\"\ud83d\udccd\" width=\"16\" height=\"16\" title=\"1f4cd\"><\/span>  Veranstaltungsort: Casa de la Cultura.<\/div>\n<div dir=\"auto\">C\/ Ramiro de Maeztu, 2, gegen\u00fcber der Stadtbibliothek. <\/div>\n<\/div>\n<div class=\"x11i5rnm xat24cr x1mh8g0r x1vvkbs xtlvy1s x126k92a\">\n<div dir=\"auto\"><span class=\"html-span xexx8yu x4uap5 x18d9i69 xkhd6sd x1hl2dhg x16tdsg8 x1vvkbs x3nfvp2 x1j61x8r x1fcty0u xdj266r xat24cr xgzva0m xhhsvwb xxymvpz xlup9mm x1kky2od\"><img loading=\"lazy\" decoding=\"async\" loading=\"lazy\" class=\"xz74otr x168nmei x13lgxp2 x5pf9jr xo71vjh\" src=\"https:\/\/informacionlocal.es\/wp-content\/uploads\/2025\/05\/23f0.png\" alt=\"\u23f0\" width=\"16\" height=\"16\" title=\"23f0\"><\/span>  Ausstellungszeiten: Montag bis Freitag von 10 bis 13 Uhr und 17 bis 20 Uhr.<\/div>\n<div dir=\"auto\"><span class=\"html-span xexx8yu x4uap5 x18d9i69 xkhd6sd x1hl2dhg x16tdsg8 x1vvkbs x3nfvp2 x1j61x8r x1fcty0u xdj266r xat24cr xgzva0m xhhsvwb xxymvpz xlup9mm x1kky2od\"><img loading=\"lazy\" decoding=\"async\" loading=\"lazy\" class=\"xz74otr x168nmei x13lgxp2 x5pf9jr xo71vjh\" src=\"https:\/\/informacionlocal.es\/wp-content\/uploads\/2025\/05\/1f381.png\" alt=\"\ud83c\udf81\" width=\"16\" height=\"16\" title=\"1f381\"><\/span>  FREIER EINTRITT<\/div>\n<\/div>\n<\/div>\n","protected":false},"excerpt":{"rendered":"<p>Die Stadtverwaltung von Puerto del Rosario teilt \u00fcber die Abteilung f\u00fcr Kultur mit, dass am Dienstagnachmittag, dem 6. Mai, die Ausstellung &#8222;Proyecto Origen&#8220; in der Casa de la Cultura von [&hellip;]<\/p>\n","protected":false},"author":1,"featured_media":3140,"comment_status":"open","ping_status":"open","sticky":false,"template":"","format":"standard","meta":{"inline_featured_image":false,"jnews-multi-image_gallery":[],"jnews_single_post":[],"jnews_primary_category":[],"jnews_social_meta":[],"jnews_override_counter":[],"jnews_post_split":[],"footnotes":""},"categories":[293],"tags":[306,216],"class_list":["post-3162","post","type-post","status-publish","format-standard","has-post-thumbnail","hentry","category-puerto-del-rosario-de","tag-educacion-de","tag-fuerteventura-de"],"jetpack_featured_media_url":"https:\/\/informacionlocal.es\/wp-content\/uploads\/2025\/05\/proyecto-titu-origen-autoridades.jpg","_links":{"self":[{"href":"https:\/\/informacionlocal.es\/de\/wp-json\/wp\/v2\/posts\/3162","targetHints":{"allow":["GET"]}}],"collection":[{"href":"https:\/\/informacionlocal.es\/de\/wp-json\/wp\/v2\/posts"}],"about":[{"href":"https:\/\/informacionlocal.es\/de\/wp-json\/wp\/v2\/types\/post"}],"author":[{"embeddable":true,"href":"https:\/\/informacionlocal.es\/de\/wp-json\/wp\/v2\/users\/1"}],"replies":[{"embeddable":true,"href":"https:\/\/informacionlocal.es\/de\/wp-json\/wp\/v2\/comments?post=3162"}],"version-history":[{"count":0,"href":"https:\/\/informacionlocal.es\/de\/wp-json\/wp\/v2\/posts\/3162\/revisions"}],"wp:featuredmedia":[{"embeddable":true,"href":"https:\/\/informacionlocal.es\/de\/wp-json\/wp\/v2\/media\/3140"}],"wp:attachment":[{"href":"https:\/\/informacionlocal.es\/de\/wp-json\/wp\/v2\/media?parent=3162"}],"wp:term":[{"taxonomy":"category","embeddable":true,"href":"https:\/\/informacionlocal.es\/de\/wp-json\/wp\/v2\/categories?post=3162"},{"taxonomy":"post_tag","embeddable":true,"href":"https:\/\/informacionlocal.es\/de\/wp-json\/wp\/v2\/tags?post=3162"}],"curies":[{"name":"wp","href":"https:\/\/api.w.org\/{rel}","templated":true}]}}