{"id":3131,"date":"2025-05-06T14:59:16","date_gmt":"2025-05-06T14:59:16","guid":{"rendered":"https:\/\/informacionlocal.es\/pajara-fuehrt-einen-neuen-dienst-zur-sammlung-von-pflanzenoel-in-haushalten-ein\/"},"modified":"2025-05-06T14:59:16","modified_gmt":"2025-05-06T14:59:16","slug":"pajara-fuehrt-einen-neuen-dienst-zur-sammlung-von-pflanzenoel-in-haushalten-ein","status":"publish","type":"post","link":"https:\/\/informacionlocal.es\/de\/pajara-fuehrt-einen-neuen-dienst-zur-sammlung-von-pflanzenoel-in-haushalten-ein\/","title":{"rendered":"P\u00e1jara f\u00fchrt einen neuen Dienst zur Sammlung von Pflanzen\u00f6l in Haushalten ein"},"content":{"rendered":"<div class=\"entry-content\">\n<p><b><i>Die Aufstellung von Containern an acht Stellen in der Gemeinde wird es den B\u00fcrgern erleichtern, diese Abf\u00e4lle zu recyceln.<\/i><\/b><\/p>\n<p><span>Die Umweltabteilung der Stadtverwaltung von P\u00e1jara bietet der \u00d6ffentlichkeit einen neuen Service f\u00fcr die getrennte Sammlung und den Transport von h\u00e4uslichem Pflanzen\u00f6l an, mit dem Ziel, der \u00d6ffentlichkeit eine sichere und nachhaltige Art der Entsorgung dieses Abfalls zu bieten. Mit dieser Ma\u00dfnahme wird den staatlichen Vorschriften entsprochen, die spezifische Systeme f\u00fcr die getrennte Sammlung von Altspeise\u00f6l vorsehen, um eine unsachgem\u00e4\u00dfe Deponierung zu vermeiden. Die Initiative wird in Zusammenarbeit mit der Abteilung f\u00fcr Dienstleistungen und dem Technischen B\u00fcro der Gemeinde entwickelt.    <\/span><\/p>\n<p><span>Die Stadtr\u00e4tin f\u00fcr Umwelt, \u00c1ngeles Acosta, weist darauf hin, dass diese Ma\u00dfnahme dem Engagement der Stadtverwaltung f\u00fcr Nachhaltigkeit und ordnungsgem\u00e4\u00dfe Abfallwirtschaft entspricht. &#8222;Au\u00dferdem arbeitet das Technische B\u00fcro an der Fertigstellung der Spezifikationen, die es erm\u00f6glichen, diese Dienstleistung in einer zweiten Phase auf die gesamte Gemeinde auszuweiten&#8220;, f\u00fcgt sie hinzu.   <\/span><\/p>\n<p><span>Der Stadtrat f\u00fcr Dienstleistungen, Salah Chehaib, betont seinerseits, wie wichtig es ist, der Bev\u00f6lkerung wirksame Instrumente f\u00fcr ein verantwortungsvolles Abfallmanagement an die Hand zu geben. &#8222;Die Abteilung f\u00fcr Dienstleistungen hat mit der Abteilung f\u00fcr Umwelt zusammengearbeitet, um die Einf\u00fchrung dieses Sammelsystems zu erm\u00f6glichen und so unser Engagement f\u00fcr die kontinuierliche Verbesserung der \u00f6ffentlichen Dienstleistungen und der Umweltqualit\u00e4t der Gemeinde zu bekr\u00e4ftigen&#8220;, sagte er.   <\/span><\/p>\n<p><span>Die Sammlung erfolgt in speziell f\u00fcr diese Art von Abf\u00e4llen zugelassenen Containern, die bereits an acht strategischen Punkten in der Gemeinde aufgestellt wurden. Konkret befinden sich die neuen Container auf dem Gemeindeparkplatz in P\u00e1jara, am Kreisverkehr am Ortseingang von Ajuy, in der Avenida de la Uni\u00f3n in La Lajita, in den Stra\u00dfen Happag Lloyd und Playa de La Jaqueta in Costa Calma sowie in den Stra\u00dfen Quevedo, Los Atolladeros und Mascona in Morro Jable.   <\/span><\/p>\n<p><span>Das Rathaus erinnert die B\u00fcrger daran, wie wichtig es ist, Alt\u00f6l in den entsprechenden Beh\u00e4ltern zu entsorgen. Mit diesem Service kommt P\u00e1jara seinem Ziel n\u00e4her, eine umweltfreundliche Gemeinde zu werden und eine kreislauforientierte und nachhaltige Wirtschaft zu f\u00f6rdern.   <\/span><\/p>\n<\/p>\n<div>Teilen Sie<\/div>\n<\/div>\n","protected":false},"excerpt":{"rendered":"<p><i>Die Aufstellung von Containern an acht Stellen in der Gemeinde wird es den B\u00fcrgern erleichtern, diese Abf\u00e4lle zu recyceln.<\/i><\/p>\n","protected":false},"author":1,"featured_media":3128,"comment_status":"open","ping_status":"open","sticky":false,"template":"","format":"standard","meta":{"inline_featured_image":false,"jnews-multi-image_gallery":[],"jnews_single_post":[],"jnews_primary_category":[],"jnews_social_meta":[],"jnews_override_counter":[],"jnews_post_split":[],"footnotes":""},"categories":[297],"tags":[197,199],"class_list":["post-3131","post","type-post","status-publish","format-standard","has-post-thumbnail","hentry","category-pajara-de","tag-offentliche-dienste","tag-umwelt"],"jetpack_featured_media_url":"https:\/\/informacionlocal.es\/wp-content\/uploads\/2025\/05\/contenedor-1-e1746541035747.png","_links":{"self":[{"href":"https:\/\/informacionlocal.es\/de\/wp-json\/wp\/v2\/posts\/3131","targetHints":{"allow":["GET"]}}],"collection":[{"href":"https:\/\/informacionlocal.es\/de\/wp-json\/wp\/v2\/posts"}],"about":[{"href":"https:\/\/informacionlocal.es\/de\/wp-json\/wp\/v2\/types\/post"}],"author":[{"embeddable":true,"href":"https:\/\/informacionlocal.es\/de\/wp-json\/wp\/v2\/users\/1"}],"replies":[{"embeddable":true,"href":"https:\/\/informacionlocal.es\/de\/wp-json\/wp\/v2\/comments?post=3131"}],"version-history":[{"count":0,"href":"https:\/\/informacionlocal.es\/de\/wp-json\/wp\/v2\/posts\/3131\/revisions"}],"wp:featuredmedia":[{"embeddable":true,"href":"https:\/\/informacionlocal.es\/de\/wp-json\/wp\/v2\/media\/3128"}],"wp:attachment":[{"href":"https:\/\/informacionlocal.es\/de\/wp-json\/wp\/v2\/media?parent=3131"}],"wp:term":[{"taxonomy":"category","embeddable":true,"href":"https:\/\/informacionlocal.es\/de\/wp-json\/wp\/v2\/categories?post=3131"},{"taxonomy":"post_tag","embeddable":true,"href":"https:\/\/informacionlocal.es\/de\/wp-json\/wp\/v2\/tags?post=3131"}],"curies":[{"name":"wp","href":"https:\/\/api.w.org\/{rel}","templated":true}]}}