{"id":3119,"date":"2025-05-06T13:02:50","date_gmt":"2025-05-06T13:02:50","guid":{"rendered":"https:\/\/informacionlocal.es\/antigua-arbeitet-mit-dem-integrativen-projekt-guadelante-canarias-zusammen\/"},"modified":"2025-05-06T13:02:50","modified_gmt":"2025-05-06T13:02:50","slug":"antigua-arbeitet-mit-dem-integrativen-projekt-guadelante-canarias-zusammen","status":"publish","type":"post","link":"https:\/\/informacionlocal.es\/de\/antigua-arbeitet-mit-dem-integrativen-projekt-guadelante-canarias-zusammen\/","title":{"rendered":"Antigua arbeitet mit dem integrativen Projekt Guadelante Canarias zusammen"},"content":{"rendered":"<div class=\"elementor-widget-container\">\n<p><strong>Antigua arbeitet mit dem integrativen Projekt Guadelante Canarias zusammen<\/strong><\/p>\n<p><strong>&#8211; Unter dem Motto &#8222;Wir kommen dorthin, wo du bist&#8220; wird das Rathaus von Antigua alle Mittel bereitstellen, die die Verantwortlichen der Stiftung f\u00fcr Gleichstellung und Integration auf den Kanarischen Inseln (CEPAIM) ben\u00f6tigen.  <\/strong><br \/><strong>&#8211; Guadelante besucht Antigua Mitte Juni mit seinem Informationsbus und einem Schulungstag, der sich an Fachkr\u00e4fte und direktes Pflegepersonal richtet.<\/strong><\/p>\n<p>Der B\u00fcrgermeister von Antigua, Mat\u00edas Pe\u00f1a, und die Stadtr\u00e4tin f\u00fcr soziale Dienste, Am\u00e9rica Soto, trafen sich mit Vertretern der Stiftung f\u00fcr Gleichheit und Integration CEPAIM, die das soziale, integrative und gemeinschaftsorientierte Projekt Guadelante Canarias vorstellten.<\/p>\n<p>Guadelante ist der Begriff, der die Guagua vereint, in denen wir jedes Dorf besuchen werden, um voranzukommen, zu informieren und immer mit der Eingliederung, Inklusion und Gleichheit in allen Bereichen des Zusammenlebens voranzukommen, in einer Operation, sagt der Vertreter der Stiftung, die wir Adelante Canarias nennen.<\/p>\n<p>Guadelante besucht Antigua vom 17. bis 19. Juni und sammelt in jedem Ort Bed\u00fcrfnisse, W\u00fcnsche und Fragen, gibt vor Ort direkte Antworten, informiert und vernetzt Menschen, Unternehmen, Organisationen, Vereine und soziale Netzwerke.<\/p>\n<p>Ein ehrgeiziges Projekt in seinen Zielen und klein in seinen Bed\u00fcrfnissen, an dem wir vom Rathaus von Antigua aus mitarbeiten werden, sagt der B\u00fcrgermeister Mat\u00edas Pe\u00f1a.<\/p>\n<p>Dieses Projekt, so f\u00fcgte die Gemeinder\u00e4tin Am\u00e9rica Soto hinzu, erg\u00e4nzt die bereits in der Gemeinde Antigua bestehenden Projekte zur Unterst\u00fctzung von Vereinen, die sich an Familien in prek\u00e4ren Situationen, an die Integration, die Migration, die Ausbildung und die F\u00f6rderung gesunder Lebensgewohnheiten wenden.<\/p>\n<\/div>\n","protected":false},"excerpt":{"rendered":"<p><strong>Antigua arbeitet mit dem integrativen Projekt Guadelante Canarias zusammen<\/strong><\/p>\n","protected":false},"author":1,"featured_media":3116,"comment_status":"open","ping_status":"open","sticky":false,"template":"","format":"standard","meta":{"inline_featured_image":false,"jnews-multi-image_gallery":[],"jnews_single_post":[],"jnews_primary_category":[],"jnews_social_meta":[],"jnews_override_counter":[],"jnews_post_split":[],"footnotes":""},"categories":[283],"tags":[],"class_list":["post-3119","post","type-post","status-publish","format-standard","has-post-thumbnail","hentry","category-antigua-de"],"jetpack_featured_media_url":"https:\/\/informacionlocal.es\/wp-content\/uploads\/2025\/05\/20250424_091702-scaled-1.jpg","_links":{"self":[{"href":"https:\/\/informacionlocal.es\/de\/wp-json\/wp\/v2\/posts\/3119","targetHints":{"allow":["GET"]}}],"collection":[{"href":"https:\/\/informacionlocal.es\/de\/wp-json\/wp\/v2\/posts"}],"about":[{"href":"https:\/\/informacionlocal.es\/de\/wp-json\/wp\/v2\/types\/post"}],"author":[{"embeddable":true,"href":"https:\/\/informacionlocal.es\/de\/wp-json\/wp\/v2\/users\/1"}],"replies":[{"embeddable":true,"href":"https:\/\/informacionlocal.es\/de\/wp-json\/wp\/v2\/comments?post=3119"}],"version-history":[{"count":0,"href":"https:\/\/informacionlocal.es\/de\/wp-json\/wp\/v2\/posts\/3119\/revisions"}],"wp:featuredmedia":[{"embeddable":true,"href":"https:\/\/informacionlocal.es\/de\/wp-json\/wp\/v2\/media\/3116"}],"wp:attachment":[{"href":"https:\/\/informacionlocal.es\/de\/wp-json\/wp\/v2\/media?parent=3119"}],"wp:term":[{"taxonomy":"category","embeddable":true,"href":"https:\/\/informacionlocal.es\/de\/wp-json\/wp\/v2\/categories?post=3119"},{"taxonomy":"post_tag","embeddable":true,"href":"https:\/\/informacionlocal.es\/de\/wp-json\/wp\/v2\/tags?post=3119"}],"curies":[{"name":"wp","href":"https:\/\/api.w.org\/{rel}","templated":true}]}}