{"id":3108,"date":"2025-05-06T10:38:21","date_gmt":"2025-05-06T10:38:21","guid":{"rendered":"https:\/\/informacionlocal.es\/die-kirche-unserer-lieben-frau-von-la-antigua-war-schauplatz-des-feierlichen-und-zugleich-innigen-begraebnisses-fuer-s-h-papst-franziskus\/"},"modified":"2025-05-06T10:38:21","modified_gmt":"2025-05-06T10:38:21","slug":"die-kirche-unserer-lieben-frau-von-la-antigua-war-schauplatz-des-feierlichen-und-zugleich-innigen-begraebnisses-fuer-s-h-papst-franziskus","status":"publish","type":"post","link":"https:\/\/informacionlocal.es\/de\/die-kirche-unserer-lieben-frau-von-la-antigua-war-schauplatz-des-feierlichen-und-zugleich-innigen-begraebnisses-fuer-s-h-papst-franziskus\/","title":{"rendered":"Die Kirche Unserer Lieben Frau von La Antigua war Schauplatz des feierlichen und zugleich innigen Begr\u00e4bnisses f\u00fcr S.H. Papst Franziskus"},"content":{"rendered":"<div class=\"elementor-widget-container\">\n<p><strong>Die Kirche Unserer Lieben Frau von La Antigua war Schauplatz des feierlichen und zugleich innigen Begr\u00e4bnisses f\u00fcr S.H. Papst Franziskus<\/strong><\/p>\n<p><strong>&#8211; Stille, Gebet und Respekt in einer bedeutungsvollen Eucharistie unter dem Vorsitz des Bischofs der Di\u00f6zese der Kanarischen Inseln.  <\/strong><br \/><strong>&#8211; Der B\u00fcrgermeister Mat\u00edas Pe\u00f1a dankt der Di\u00f6zese der Kanarischen Inseln f\u00fcr die Wahl der Kirche Nuestra Se\u00f1ora de La Antigua f\u00fcr die Beerdigung von Papst Franziskus.<\/strong><\/p>\n<p>In der Kirche Unserer Lieben Frau von La Antigua wurde die Trauermesse f\u00fcr S.H. Papst Franziskus zelebriert. Der Bischof der Di\u00f6zese der Kanarischen Inseln, D. Jos\u00e9 Mazuelos P\u00e9rez, leitete die Zeremonie zusammen mit der Erzdi\u00f6zese von Fuerteventura.<\/p>\n<p>Der B\u00fcrgermeister Mat\u00edas Pe\u00f1a dankte der Di\u00f6zese der Kanarischen Inseln f\u00fcr die Wahl der Kirche Nuestra Se\u00f1ora de La Antigua, um die Beerdigung von Papst Franziskus zu feiern.<\/p>\n<p>Feierlichkeit und Stille in einer Kirche, die neben den \u00fcblichen B\u00e4nken auch die notwendigen St\u00fchle hatte, um alle Teilnehmer einer einfachen und freundlichen Eucharistie aufzunehmen, an der der Pr\u00e4sident des Cabildo von Fuerteventura, der gastgebende B\u00fcrgermeister Mat\u00edas Pe\u00f1a, die Regierungsdelegierte Mar\u00eda Jes\u00fas De la Cruz, den B\u00fcrgermeistern von Betancuria, Enrice Cerde\u00f1a, Puerto del Rosario, David De Vera, dem zuf\u00e4lligen B\u00fcrgermeister von P\u00e1jara, Alexis Alonso, der B\u00fcrgermeisterin von Tuineje, Candelaria Umpierrez, sowie weiteren Vertretern, Ratsmitgliedern, Stadtr\u00e4ten und Abgeordneten sowie den wichtigsten Vertretern der Sicherheitskr\u00e4fte Fuerteventuras.<\/p>\n<p>B\u00fcrgermeister Mat\u00edas Pe\u00f1a und der Pfarrer von Antigua, Heriberto Mart\u00edn Molina, begr\u00fc\u00dften den Bischof der Kanarischen Inseln, der sich w\u00e4hrend des Gottesdienstes f\u00fcr die Zusammenarbeit mit dem Rathaus von Antigua, den freiwilligen Helfern der Pfarrei, der Gesangsgruppe und den Medien wie Puerto Radio, Dunas Fm oder TV Canaria bedankte, die \u00fcber diese besondere und bedeutende Eucharistie berichteten oder sie live \u00fcbertrugen.<\/p>\n<\/p>\n<\/div>\n","protected":false},"excerpt":{"rendered":"<p><strong>Die Kirche Unserer Lieben Frau von La Antigua war Schauplatz des feierlichen und innigen Begr\u00e4bnisses Seiner Heiligkeit Papst Franziskus.<\/strong><\/p>\n","protected":false},"author":1,"featured_media":3104,"comment_status":"open","ping_status":"open","sticky":false,"template":"","format":"standard","meta":{"inline_featured_image":false,"jnews-multi-image_gallery":[],"jnews_single_post":[],"jnews_primary_category":[],"jnews_social_meta":[],"jnews_override_counter":[],"jnews_post_split":[],"footnotes":""},"categories":[283],"tags":[216],"class_list":["post-3108","post","type-post","status-publish","format-standard","has-post-thumbnail","hentry","category-antigua-de","tag-fuerteventura-de"],"jetpack_featured_media_url":"https:\/\/informacionlocal.es\/wp-content\/uploads\/2025\/05\/funeral-de-fuerteventura-a-ss-el-papa-celebrado-en-antigua-1.jpg","_links":{"self":[{"href":"https:\/\/informacionlocal.es\/de\/wp-json\/wp\/v2\/posts\/3108","targetHints":{"allow":["GET"]}}],"collection":[{"href":"https:\/\/informacionlocal.es\/de\/wp-json\/wp\/v2\/posts"}],"about":[{"href":"https:\/\/informacionlocal.es\/de\/wp-json\/wp\/v2\/types\/post"}],"author":[{"embeddable":true,"href":"https:\/\/informacionlocal.es\/de\/wp-json\/wp\/v2\/users\/1"}],"replies":[{"embeddable":true,"href":"https:\/\/informacionlocal.es\/de\/wp-json\/wp\/v2\/comments?post=3108"}],"version-history":[{"count":0,"href":"https:\/\/informacionlocal.es\/de\/wp-json\/wp\/v2\/posts\/3108\/revisions"}],"wp:featuredmedia":[{"embeddable":true,"href":"https:\/\/informacionlocal.es\/de\/wp-json\/wp\/v2\/media\/3104"}],"wp:attachment":[{"href":"https:\/\/informacionlocal.es\/de\/wp-json\/wp\/v2\/media?parent=3108"}],"wp:term":[{"taxonomy":"category","embeddable":true,"href":"https:\/\/informacionlocal.es\/de\/wp-json\/wp\/v2\/categories?post=3108"},{"taxonomy":"post_tag","embeddable":true,"href":"https:\/\/informacionlocal.es\/de\/wp-json\/wp\/v2\/tags?post=3108"}],"curies":[{"name":"wp","href":"https:\/\/api.w.org\/{rel}","templated":true}]}}