{"id":3095,"date":"2025-05-05T15:54:16","date_gmt":"2025-05-05T15:54:16","guid":{"rendered":"https:\/\/informacionlocal.es\/die-anmeldefrist-fuer-die-pajara-kindergaerten-fuer-das-schuljahr-2025-2026-ist-nun-eroeffnet\/"},"modified":"2025-05-05T15:54:16","modified_gmt":"2025-05-05T15:54:16","slug":"die-anmeldefrist-fuer-die-pajara-kindergaerten-fuer-das-schuljahr-2025-2026-ist-nun-eroeffnet","status":"publish","type":"post","link":"https:\/\/informacionlocal.es\/de\/die-anmeldefrist-fuer-die-pajara-kindergaerten-fuer-das-schuljahr-2025-2026-ist-nun-eroeffnet\/","title":{"rendered":"Die Anmeldefrist f\u00fcr die P\u00e1jara-Kinderg\u00e4rten f\u00fcr das Schuljahr 2025\/2026 ist nun er\u00f6ffnet."},"content":{"rendered":"<div class=\"entry-content\">\n<p><b><i>Interessierte k\u00f6nnen sich vom 2. bis 31. Mai f\u00fcr die Schulen in Morro Jable, Costa Calma, La Lajita und P\u00e1jara bewerben.<\/i><\/b><\/p>\n<p><span>Das Rathaus von P\u00e1jara er\u00f6ffnet \u00fcber die Abteilung f\u00fcr Kinderg\u00e4rten die Anmeldefrist f\u00fcr das Schuljahr 2025\/2026 in den Kinderg\u00e4rten der Gemeinde, die sich in den Ortschaften Morro Jable, Costa Calma, La Lajita und P\u00e1jara befinden.  <\/span><\/p>\n<p><span>Kinder, die in den Jahren 2022, 2023 und 2024 geboren werden, sowie Kinder, die 2025 geboren werden und im September sechs Monate alt sind, k\u00f6nnen sich um einen Platz bewerben.  <\/span><\/p>\n<p><span>Die Stadtr\u00e4tin f\u00fcr Kinderg\u00e4rten, Nuria Moares, betont, wie wichtig es ist, die \u00f6ffentliche, qualitativ hochwertige und f\u00fcr alle Familien zug\u00e4ngliche Vorschulerziehung weiter zu f\u00f6rdern. &#8222;Wir laden alle interessierten Familien ein, sich auf der Website der Organisation \u00fcber das Verfahren zu informieren und eventuelle Zweifel auszur\u00e4umen&#8220;, sagt sie.   <\/span><\/p>\n<p><span>Der Aufnahmeantrag kann von der Website der lokalen autonomen K\u00f6rperschaft &#8222;P\u00e1jara Infant Schools&#8220; heruntergeladen werden, er muss pers\u00f6nlich in der Morro Jable Infant School, \u00fcber die elektronische Zentrale der K\u00f6rperschaft oder \u00fcber das einzige Fenster in den Verwaltungen, die \u00fcber diesen Service verf\u00fcgen, eingereicht werden.  <\/span><\/p>\n<p><span>&#8222;Unser Ziel ist es, den Kindern den Zugang zu diesem ersten Bildungszyklus so einfach wie m\u00f6glich zu machen&#8220;, f\u00fcgt die Stadtr\u00e4tin hinzu.  <\/span><\/p>\n<p><span>Das Zulassungsverfahren wird nach folgendem Zeitplan durchgef\u00fchrt: Vom 2. bis 31. Mai werden die Antr\u00e4ge auf Neuaufnahme eingereicht; vom 1. bis 11. Juli wird die vorl\u00e4ufige Liste der zugelassenen Sch\u00fcler in jeder Schule ausgeh\u00e4ngt; zwischen dem 14. und 25. Juli k\u00f6nnen Beschwerden eingereicht werden; und schlie\u00dflich wird ab dem 31. Juli die endg\u00fcltige Liste ver\u00f6ffentlicht.  <\/span><\/p>\n<div>Teilen Sie<\/div>\n<\/div>\n","protected":false},"excerpt":{"rendered":"<p><i>Interessierte k\u00f6nnen sich vom 2. bis 31. Mai f\u00fcr die Schulen in Morro Jable, Costa Calma, La Lajita und P\u00e1jara bewerben.<\/i><\/p>\n","protected":false},"author":1,"featured_media":3092,"comment_status":"open","ping_status":"open","sticky":false,"template":"","format":"standard","meta":{"inline_featured_image":false,"jnews-multi-image_gallery":[],"jnews_single_post":[],"jnews_primary_category":[],"jnews_social_meta":[],"jnews_override_counter":[],"jnews_post_split":[],"footnotes":""},"categories":[297],"tags":[306],"class_list":["post-3095","post","type-post","status-publish","format-standard","has-post-thumbnail","hentry","category-pajara-de","tag-educacion-de"],"jetpack_featured_media_url":"https:\/\/informacionlocal.es\/wp-content\/uploads\/2025\/05\/escuelas-infantiles.jpeg","_links":{"self":[{"href":"https:\/\/informacionlocal.es\/de\/wp-json\/wp\/v2\/posts\/3095","targetHints":{"allow":["GET"]}}],"collection":[{"href":"https:\/\/informacionlocal.es\/de\/wp-json\/wp\/v2\/posts"}],"about":[{"href":"https:\/\/informacionlocal.es\/de\/wp-json\/wp\/v2\/types\/post"}],"author":[{"embeddable":true,"href":"https:\/\/informacionlocal.es\/de\/wp-json\/wp\/v2\/users\/1"}],"replies":[{"embeddable":true,"href":"https:\/\/informacionlocal.es\/de\/wp-json\/wp\/v2\/comments?post=3095"}],"version-history":[{"count":0,"href":"https:\/\/informacionlocal.es\/de\/wp-json\/wp\/v2\/posts\/3095\/revisions"}],"wp:featuredmedia":[{"embeddable":true,"href":"https:\/\/informacionlocal.es\/de\/wp-json\/wp\/v2\/media\/3092"}],"wp:attachment":[{"href":"https:\/\/informacionlocal.es\/de\/wp-json\/wp\/v2\/media?parent=3095"}],"wp:term":[{"taxonomy":"category","embeddable":true,"href":"https:\/\/informacionlocal.es\/de\/wp-json\/wp\/v2\/categories?post=3095"},{"taxonomy":"post_tag","embeddable":true,"href":"https:\/\/informacionlocal.es\/de\/wp-json\/wp\/v2\/tags?post=3095"}],"curies":[{"name":"wp","href":"https:\/\/api.w.org\/{rel}","templated":true}]}}