{"id":3084,"date":"2025-05-05T14:10:02","date_gmt":"2025-05-05T14:10:02","guid":{"rendered":"https:\/\/informacionlocal.es\/die-stadtverwaltung-von-puerto-del-rosario-richtet-eine-technische-fachstelle-ein-um-europaeische-gelder-einzuwerben\/"},"modified":"2025-05-05T14:10:02","modified_gmt":"2025-05-05T14:10:02","slug":"die-stadtverwaltung-von-puerto-del-rosario-richtet-eine-technische-fachstelle-ein-um-europaeische-gelder-einzuwerben","status":"publish","type":"post","link":"https:\/\/informacionlocal.es\/de\/die-stadtverwaltung-von-puerto-del-rosario-richtet-eine-technische-fachstelle-ein-um-europaeische-gelder-einzuwerben\/","title":{"rendered":"Die Stadtverwaltung von Puerto del Rosario richtet eine technische Fachstelle ein, um europ\u00e4ische Gelder einzuwerben."},"content":{"rendered":"<div class=\"entry-content\">\n<p>Der Stadtrat von Puerto del Rosario hat ein neues <strong>Referat f\u00fcr europ\u00e4ische Fonds<\/strong> eingerichtet, um seine F\u00e4higkeit zu st\u00e4rken, EU-Mittel einzuwerben und strategische Projekte zu entwickeln, die die Entwicklung der Gemeinde in Schl\u00fcsselbereichen wie Konnektivit\u00e4t, Nachhaltigkeit, Verwaltungsmodernisierung und sozialer Zusammenhalt f\u00f6rdern.<\/p>\n<p>Die Initiative, die im Rahmen des st\u00e4dtischen Haushalts 2025 genehmigt wurde, verf\u00fcgt \u00fcber ein Anfangsbudget von <strong>88.000 Euro<\/strong> und ist Teil des Engagements der Regierungsfraktion, das Stadtmodell durch <strong>strategische Planung und die Nutzung europ\u00e4ischer M\u00f6glichkeiten<\/strong> umzugestalten.<\/p>\n<p>Das neue Referat besteht aus einem multidisziplin\u00e4ren Team, das sich wie folgt zusammensetzt: ein auf Projektplanung spezialisierter <strong>A2-Techniker<\/strong> in Vollzeit, ein <strong>A1-Techniker<\/strong> mit juristischem Profil in Teilzeit und eine <strong>administrative Unterst\u00fctzung<\/strong>.<\/p>\n<p>Der B\u00fcrgermeister von Puerto del Rosario, <strong>David de Vera<\/strong>, erkl\u00e4rte, dass &#8222;.<em>dieses Referat wird mit einer transversalen Berufung geboren. Sie wird nicht nur die Erfassung von Aufrufen zur Einreichung von Vorschl\u00e4gen zentralisieren, sondern auch alle Abteilungen technisch unterst\u00fctzen, um Priorit\u00e4ten zu setzen und Vorschl\u00e4ge zu entwerfen, die den tats\u00e4chlichen Bed\u00fcrfnissen der Gemeinde entsprechen&#8220;. <\/em>. Er f\u00fcgte hinzu, dass <em>&#8222;das Anlocken von europ\u00e4ischen Geldern heute ein wesentliches Instrument ist, um auf dem Weg zu einer innovativeren, koh\u00e4siveren und nachhaltigeren Gemeinde voranzukommen&#8220;.<\/em><\/p>\n<p><strong>Erste strategische Projekte<\/strong><\/p>\n<p><strong> <\/strong>Der erste von diesem Referat verwaltete Auftrag wurde an den <strong>Kanarischen Telekommunikationsverband (TELECO)<\/strong> vergeben und umfasst die <strong>Verlegung von Glasfaserkabeln in l\u00e4ndlichen und d\u00fcnn besiedelten Gebieten<\/strong> der Gemeinde. Die erste wirtschaftliche Bewertung bel\u00e4uft sich auf <strong>5,3 Millionen Euro<\/strong> und wird derzeit im Hinblick auf die Einreichung bei k\u00fcnftigen Aufforderungen zur Einreichung von EU-Mitteln gepr\u00fcft. <\/p>\n<p>Dar\u00fcber hinaus arbeitet der Rat bereits an der Identifizierung weiterer vorrangiger Bereiche, die mit europ\u00e4ischen Mitteln kofinanziert werden k\u00f6nnten, darunter<\/p>\n<ul>\n<li><strong>Digitalisierung von kommunalen Dienstleistungen<\/strong>.<\/li>\n<li>Projekte zur <strong>Energieeffizienz und \u00f6ffentlichen Beleuchtung<\/strong>.<\/li>\n<li><strong>Kreislaufwirtschaft<\/strong> und Abfallbehandlung.<\/li>\n<li>Ma\u00dfnahmen zur <strong>sozialen Eingliederung und f\u00fcr gr\u00fcne Arbeitspl\u00e4tze<\/strong>.<\/li>\n<\/ul>\n<p><strong>Koordinierung und Planung nach Bereichen<\/strong><\/p>\n<p><strong> <\/strong>Jede Abteilung hat damit begonnen, ihre strategischen Projekte zu definieren, die \u00fcber dieses neue B\u00fcro kanalisiert werden, um technische Berichte, Durchf\u00fchrbarkeitsstudien, Zeitpl\u00e4ne und Budgets in \u00dcbereinstimmung mit den Anforderungen der verschiedenen europ\u00e4ischen Programme zu erstellen.<\/p>\n<p>Der Stadtrat unterstreicht die Bedeutung dieser neuen Verwaltungsstruktur als <strong>mittel- und langfristiges Planungsinstrument<\/strong>, das es Puerto del Rosario erm\u00f6glichen wird, sich unter vorteilhaften Bedingungen f\u00fcr k\u00fcnftige Aufforderungen zur Einreichung von Vorschl\u00e4gen im Rahmen der <strong>n\u00e4chsten Generation der EU<\/strong>, des <strong>EFRE<\/strong> oder des <strong>Europ\u00e4ischen Sozialfonds Plus<\/strong> zu positionieren, um nur einige zu nennen.<\/p>\n<\/div>\n","protected":false},"excerpt":{"rendered":"<p>Der Stadtrat von Puerto del Rosario hat ein neues Referat f\u00fcr europ\u00e4ische Fonds eingerichtet, um seine F\u00e4higkeit zu st\u00e4rken, EU-Mittel einzuwerben und strategische Projekte zu entwickeln, die die Entwicklung der [&hellip;]<\/p>\n","protected":false},"author":1,"featured_media":3080,"comment_status":"open","ping_status":"open","sticky":false,"template":"","format":"standard","meta":{"inline_featured_image":false,"jnews-multi-image_gallery":[],"jnews_single_post":[],"jnews_primary_category":[],"jnews_social_meta":[],"jnews_override_counter":[],"jnews_post_split":[],"footnotes":""},"categories":[293],"tags":[242,332,231],"class_list":["post-3084","post","type-post","status-publish","format-standard","has-post-thumbnail","hentry","category-puerto-del-rosario-de","tag-aufforderungen-zur-einreichung-von-bewerbungen","tag-europaische-fonds","tag-nachhaltigkeit"],"jetpack_featured_media_url":"https:\/\/informacionlocal.es\/wp-content\/uploads\/2025\/05\/fachada-ue-titu-ayuntamiento-2.jpg","_links":{"self":[{"href":"https:\/\/informacionlocal.es\/de\/wp-json\/wp\/v2\/posts\/3084","targetHints":{"allow":["GET"]}}],"collection":[{"href":"https:\/\/informacionlocal.es\/de\/wp-json\/wp\/v2\/posts"}],"about":[{"href":"https:\/\/informacionlocal.es\/de\/wp-json\/wp\/v2\/types\/post"}],"author":[{"embeddable":true,"href":"https:\/\/informacionlocal.es\/de\/wp-json\/wp\/v2\/users\/1"}],"replies":[{"embeddable":true,"href":"https:\/\/informacionlocal.es\/de\/wp-json\/wp\/v2\/comments?post=3084"}],"version-history":[{"count":0,"href":"https:\/\/informacionlocal.es\/de\/wp-json\/wp\/v2\/posts\/3084\/revisions"}],"wp:featuredmedia":[{"embeddable":true,"href":"https:\/\/informacionlocal.es\/de\/wp-json\/wp\/v2\/media\/3080"}],"wp:attachment":[{"href":"https:\/\/informacionlocal.es\/de\/wp-json\/wp\/v2\/media?parent=3084"}],"wp:term":[{"taxonomy":"category","embeddable":true,"href":"https:\/\/informacionlocal.es\/de\/wp-json\/wp\/v2\/categories?post=3084"},{"taxonomy":"post_tag","embeddable":true,"href":"https:\/\/informacionlocal.es\/de\/wp-json\/wp\/v2\/tags?post=3084"}],"curies":[{"name":"wp","href":"https:\/\/api.w.org\/{rel}","templated":true}]}}