{"id":3059,"date":"2025-05-05T10:59:49","date_gmt":"2025-05-05T10:59:49","guid":{"rendered":"https:\/\/informacionlocal.es\/mehr-als-200-einheimische-nehmen-an-der-triquivijate-wallfahrt-teil\/"},"modified":"2025-05-05T10:59:49","modified_gmt":"2025-05-05T10:59:49","slug":"mehr-als-200-einheimische-nehmen-an-der-triquivijate-wallfahrt-teil","status":"publish","type":"post","link":"https:\/\/informacionlocal.es\/de\/mehr-als-200-einheimische-nehmen-an-der-triquivijate-wallfahrt-teil\/","title":{"rendered":"Mehr als 200 Einheimische nehmen an der Triquivijate-Wallfahrt teil"},"content":{"rendered":"<div class=\"elementor-widget-container\">\n<p><strong>Mehr als 200 Einheimische nehmen an der Triquivijate-Wallfahrt teil<\/strong><\/p>\n<p><strong>&#8211; Bunte Wallfahrt zu den Fiestas von Triquivijate mit acht Wagen und 200 Pilgern.<\/strong><\/p>\n<p><strong>&#8211; Die Gruppe Mejor con Copas er\u00f6ffnet die Konzerte und Open-Air-T\u00e4nze des Wochenendes.<\/strong><\/p>\n<p>Die Fiestas zu Ehren von San Isidro Labrador und Santa Mar\u00eda de La Cabeza, die bis Donnerstag, den 15. Mai in Triquivijate gefeiert werden, feierten an diesem Wochenende die Romer\u00eda mit 200 Personen und acht Wagen voller Blumen und Banner, die auf dem Hauptplatz, Plaza Maca, den Lehrer empfingen.<\/p>\n<p>Der Stadtrat f\u00fcr Feste, Pedro Armas, begl\u00fcckw\u00fcnscht die Festkommission, die sich um jedes Detail k\u00fcmmert und die Turniere, Grillfeste und Spiele, die in dieser Woche stattfinden, koordiniert.<\/p>\n<p>Am Freitag, den 9. Mai, beginnt das Kinderfest um 17:00 Uhr, gefolgt von einer musikalischen Darbietung der Gruppe Mejor con Copas, gefolgt von der Verbena mit Gente Nueva und Nuevo Klan. Die n\u00e4chste Gran Verbena, so Stadtrat Pedro Armas, findet am Samstagabend mit Grupo Bomba y su Orquesta aus Fuerteventura statt, gefolgt von Grupo Arena aus Gran Canaria und Orquesta Banda Nueva aus Lanzarote. <\/p>\n<p>Der Stadtrat von Antigua aus den verschiedenen Abteilungen organisiert Veranstaltungen und popul\u00e4re Termine in jedem Dorf und jeder Stadt, sagt der B\u00fcrgermeister, Mat\u00edas Pe\u00f1a, und an diesem Wochenende ist Triquivijate an der Reihe, das sein Patronatsfest bis zum 15. Mai feiert, dem Haupttag, an dem die religi\u00f6se Funktion um 19:00 Uhr, gefolgt von der Prozession zu Ehren von Santa Mar\u00eda de La Cabeza und San Isidro Labrador mit Auftritten der Rondalla des Centro de Mayores de Antigua, der Parranda Juan Pe\u00f1a und dem D\u00fao de Voces, Antonio y Loly.<\/p>\n<\/div>\n","protected":false},"excerpt":{"rendered":"<p><strong>Mehr als 200 Einheimische nehmen an der Triquivijate-Wallfahrt teil<\/strong><\/p>\n","protected":false},"author":1,"featured_media":3056,"comment_status":"open","ping_status":"open","sticky":false,"template":"","format":"standard","meta":{"inline_featured_image":false,"jnews-multi-image_gallery":[],"jnews_single_post":[],"jnews_primary_category":[],"jnews_social_meta":[],"jnews_override_counter":[],"jnews_post_split":[],"footnotes":""},"categories":[283],"tags":[303,216],"class_list":["post-3059","post","type-post","status-publish","format-standard","has-post-thumbnail","hentry","category-antigua-de","tag-eventos-de","tag-fuerteventura-de"],"jetpack_featured_media_url":"https:\/\/informacionlocal.es\/wp-content\/uploads\/2025\/05\/exito-romeria-triquivijate-2025-3.jpg","_links":{"self":[{"href":"https:\/\/informacionlocal.es\/de\/wp-json\/wp\/v2\/posts\/3059","targetHints":{"allow":["GET"]}}],"collection":[{"href":"https:\/\/informacionlocal.es\/de\/wp-json\/wp\/v2\/posts"}],"about":[{"href":"https:\/\/informacionlocal.es\/de\/wp-json\/wp\/v2\/types\/post"}],"author":[{"embeddable":true,"href":"https:\/\/informacionlocal.es\/de\/wp-json\/wp\/v2\/users\/1"}],"replies":[{"embeddable":true,"href":"https:\/\/informacionlocal.es\/de\/wp-json\/wp\/v2\/comments?post=3059"}],"version-history":[{"count":0,"href":"https:\/\/informacionlocal.es\/de\/wp-json\/wp\/v2\/posts\/3059\/revisions"}],"wp:featuredmedia":[{"embeddable":true,"href":"https:\/\/informacionlocal.es\/de\/wp-json\/wp\/v2\/media\/3056"}],"wp:attachment":[{"href":"https:\/\/informacionlocal.es\/de\/wp-json\/wp\/v2\/media?parent=3059"}],"wp:term":[{"taxonomy":"category","embeddable":true,"href":"https:\/\/informacionlocal.es\/de\/wp-json\/wp\/v2\/categories?post=3059"},{"taxonomy":"post_tag","embeddable":true,"href":"https:\/\/informacionlocal.es\/de\/wp-json\/wp\/v2\/tags?post=3059"}],"curies":[{"name":"wp","href":"https:\/\/api.w.org\/{rel}","templated":true}]}}