{"id":3023,"date":"2025-05-04T18:28:58","date_gmt":"2025-05-04T18:28:58","guid":{"rendered":"https:\/\/informacionlocal.es\/tuineje-praesentiert-die-sportagenda-fuer-die-woche-vom-21-bis-27-april-2025\/"},"modified":"2025-05-04T18:28:58","modified_gmt":"2025-05-04T18:28:58","slug":"tuineje-praesentiert-die-sportagenda-fuer-die-woche-vom-21-bis-27-april-2025","status":"publish","type":"post","link":"https:\/\/informacionlocal.es\/de\/tuineje-praesentiert-die-sportagenda-fuer-die-woche-vom-21-bis-27-april-2025\/","title":{"rendered":"Tuineje pr\u00e4sentiert die Sportagenda f\u00fcr die Woche vom 21. bis 27. April 2025"},"content":{"rendered":"<div class=\"article-content-inner\">\n<p>Die Sportabteilung des Rathauses von Tuineje hat das Sportprogramm f\u00fcr die Woche vom 21. bis 27. April ver\u00f6ffentlicht. Ein Kalender voller Wettbewerbe, die in verschiedenen Ortschaften der Gemeinde stattfinden und die Teilnahme lokaler Mannschaften in Disziplinen wie Fu\u00dfball, Hallenfu\u00dfball und Kanarienvogel-Ball hervorheben. <\/p>\n<p>Auf dem Fu\u00dfballplatz von Gran Tarajal wird ein gro\u00dfer Teil der Aktivit\u00e4ten stattfinden, darunter 7er-Fu\u00dfballspiele der Amateure, 11er-Fu\u00dfballspiele der Kinder und Kadetten sowie 8er-Fu\u00dfballspiele der Kategorien Benjam\u00edn und Alev\u00edn. Zu den am meisten erwarteten Spielen geh\u00f6rt das Hallenfu\u00dfballspiel der Senioren zwischen CD Isla Larga und Basilea, das am Samstag, den 26. Januar um 17:00 Uhr im Sportzentrum Gran Tarajal stattfindet. <\/p>\n<p>Auch in anderen Ortschaften der Gemeinde, wie Tiscamanita, Las Playitas und Tuineje, werden intensive sportliche Aktivit\u00e4ten stattfinden. In Las Playitas finden mehrere Spiele der Basiskategorien des CD Bre\u00f1amen statt, darunter das 11er-Fu\u00dfballspiel der Frauen gegen das Team von Casa Pastores am Sonntag, den 27. um 13:00 Uhr. <\/p>\n<p>Auch die traditionelle Bola Canaria steht auf dem Programm, mit Duellen wie dem zwischen La Entallada und Morro Jable am Freitag, den 25. Mai, auf dem Campo de Lucha de Las Playitas.<\/p>\n<p>Der Stadtrat weist darauf hin, dass sich der Zeitplan der Veranstaltungen \u00e4ndern kann, und fordert die B\u00fcrgerinnen und B\u00fcrger auf, daran teilzunehmen und den Breiten- und Verbandssport in der Gemeinde zu unterst\u00fctzen.<\/p>\n<\/div>\n","protected":false},"excerpt":{"rendered":"<p>Die Sportabteilung des Rathauses von Tuineje hat das Sportprogramm f\u00fcr die Woche vom 21. bis 27. April ver\u00f6ffentlicht. Ein Kalender voller Wettbewerbe, die in verschiedenen Ortschaften der Gemeinde stattfinden und [&hellip;]<\/p>\n","protected":false},"author":1,"featured_media":3020,"comment_status":"open","ping_status":"open","sticky":false,"template":"","format":"standard","meta":{"inline_featured_image":false,"jnews-multi-image_gallery":[],"jnews_single_post":[],"jnews_primary_category":[],"jnews_social_meta":[],"jnews_override_counter":[],"jnews_post_split":[],"footnotes":""},"categories":[299],"tags":[303],"class_list":["post-3023","post","type-post","status-publish","format-standard","has-post-thumbnail","hentry","category-tuineje-de","tag-eventos-de"],"jetpack_featured_media_url":"https:\/\/informacionlocal.es\/wp-content\/uploads\/2025\/05\/captura-de-pantalla-2025-01-08-a-las-8-36-59-1024x612-1-1.png","_links":{"self":[{"href":"https:\/\/informacionlocal.es\/de\/wp-json\/wp\/v2\/posts\/3023","targetHints":{"allow":["GET"]}}],"collection":[{"href":"https:\/\/informacionlocal.es\/de\/wp-json\/wp\/v2\/posts"}],"about":[{"href":"https:\/\/informacionlocal.es\/de\/wp-json\/wp\/v2\/types\/post"}],"author":[{"embeddable":true,"href":"https:\/\/informacionlocal.es\/de\/wp-json\/wp\/v2\/users\/1"}],"replies":[{"embeddable":true,"href":"https:\/\/informacionlocal.es\/de\/wp-json\/wp\/v2\/comments?post=3023"}],"version-history":[{"count":0,"href":"https:\/\/informacionlocal.es\/de\/wp-json\/wp\/v2\/posts\/3023\/revisions"}],"wp:featuredmedia":[{"embeddable":true,"href":"https:\/\/informacionlocal.es\/de\/wp-json\/wp\/v2\/media\/3020"}],"wp:attachment":[{"href":"https:\/\/informacionlocal.es\/de\/wp-json\/wp\/v2\/media?parent=3023"}],"wp:term":[{"taxonomy":"category","embeddable":true,"href":"https:\/\/informacionlocal.es\/de\/wp-json\/wp\/v2\/categories?post=3023"},{"taxonomy":"post_tag","embeddable":true,"href":"https:\/\/informacionlocal.es\/de\/wp-json\/wp\/v2\/tags?post=3023"}],"curies":[{"name":"wp","href":"https:\/\/api.w.org\/{rel}","templated":true}]}}