{"id":3011,"date":"2025-05-04T18:28:48","date_gmt":"2025-05-04T18:28:48","guid":{"rendered":"https:\/\/informacionlocal.es\/tuineje-veranstaltet-einen-kreativen-workshop-fuer-fahnen-und-taschen-zu-ehren-des-heiligsten-herzens-mariens\/"},"modified":"2025-05-04T18:28:48","modified_gmt":"2025-05-04T18:28:48","slug":"tuineje-veranstaltet-einen-kreativen-workshop-fuer-fahnen-und-taschen-zu-ehren-des-heiligsten-herzens-mariens","status":"publish","type":"post","link":"https:\/\/informacionlocal.es\/de\/tuineje-veranstaltet-einen-kreativen-workshop-fuer-fahnen-und-taschen-zu-ehren-des-heiligsten-herzens-mariens\/","title":{"rendered":"Tuineje veranstaltet einen kreativen Workshop f\u00fcr Fahnen und Taschen zu Ehren des Heiligsten Herzens Mariens."},"content":{"rendered":"<div class=\"article-content-inner\">\n<p>Anl\u00e4sslich des traditionellen <strong>Herz-Jesu-Festes<\/strong> organisiert das Rathaus von Tuineje \u00fcber seine Kulturabteilung einen originellen <strong>Fahnen- und Taschen-Workshop<\/strong>, bei dem die Einwohner ihre eigenen Kreationen entwerfen k\u00f6nnen, um die Gemeinde w\u00e4hrend der Feierlichkeiten zu schm\u00fccken.<\/p>\n<p>Der Workshop findet am <strong>21., 24., 28., 29. und 30. April<\/strong> jeweils von <strong>17:30 bis 19:30 Uhr<\/strong> im <strong>Kulturzentrum Tarajalejo<\/strong> statt. Die Initiative soll die B\u00fcrgerbeteiligung, die Kreativit\u00e4t und das Gef\u00fchl der Zugeh\u00f6rigkeit durch Kunst und Tradition f\u00f6rdern. <\/p>\n<blockquote class=\"wp-block-quote is-layout-flow wp-block-quote-is-layout-flow\">\n<p>&#8222;Wir wollen, dass Kultur in der Gemeinschaft gelebt wird, und dieser Workshop ist eine wunderbare M\u00f6glichkeit, die Generationen rund um unsere Fiestas zu vereinen. Es ist ein bewegender Anblick, zu sehen, wie die Menschen mit Begeisterung Fahnen und Taschen bemalen, die sp\u00e4ter die Stadt schm\u00fccken werden&#8220;, sagte <strong>Dulce Garc\u00eda<\/strong>, Kulturbeauftragte im Rathaus von Tuineje.<\/p>\n<\/blockquote>\n<p>W\u00e4hrend des Workshops k\u00f6nnen die Teilnehmer ihre St\u00fccke mit den traditionellen Motiven des Heiligsten Herzens Mariens, dem zentralen Symbol der Feierlichkeiten, personalisieren. Neben der F\u00f6rderung der Kreativit\u00e4t geht es auch darum, den Wert des Handwerks und des Kollektivs wiederzugewinnen. <\/p>\n<p>Auch die B\u00fcrgermeisterin der Gemeinde, <strong>Candelaria Umpi\u00e9rrez<\/strong>, hob den Wert solcher Aktivit\u00e4ten f\u00fcr das soziale und kulturelle Leben von Tuineje hervor: &#8222;Diese Aktionen versch\u00f6nern nicht nur unsere Stra\u00dfen, sondern st\u00e4rken auch unsere Bindungen als Gemeinschaft. Wir sind stolz darauf, zu sehen, wie die Menschen sich engagieren, mitmachen und unsere Traditionen lebendig halten&#8220;.<\/p>\n<p>Der Stadtrat l\u00e4dt alle B\u00fcrgerinnen und B\u00fcrger ein, sich diesem Vorschlag anzuschlie\u00dfen, der Kultur, Glauben und Partizipation miteinander verbindet. Der Workshop ist kostenlos und erfordert keine vorherige Anmeldung. <\/p>\n<\/div>\n","protected":false},"excerpt":{"rendered":"<p>Anl\u00e4sslich des traditionellen Herz-Jesu-Festes organisiert das Rathaus von Tuineje \u00fcber seine Kulturabteilung einen originellen Fahnen- und Taschen-Workshop, bei dem die Einwohner ihre eigenen Kreationen entwerfen k\u00f6nnen, um die Gemeinde w\u00e4hrend [&hellip;]<\/p>\n","protected":false},"author":1,"featured_media":3008,"comment_status":"open","ping_status":"open","sticky":false,"template":"","format":"standard","meta":{"inline_featured_image":false,"jnews-multi-image_gallery":[],"jnews_single_post":[],"jnews_primary_category":[],"jnews_social_meta":[],"jnews_override_counter":[],"jnews_post_split":[],"footnotes":""},"categories":[299],"tags":[],"class_list":["post-3011","post","type-post","status-publish","format-standard","has-post-thumbnail","hentry","category-tuineje-de"],"jetpack_featured_media_url":"https:\/\/informacionlocal.es\/wp-content\/uploads\/2025\/05\/whatsapp-image-2025-04-21-at-12-05-01-e1746368685342.jpeg","_links":{"self":[{"href":"https:\/\/informacionlocal.es\/de\/wp-json\/wp\/v2\/posts\/3011","targetHints":{"allow":["GET"]}}],"collection":[{"href":"https:\/\/informacionlocal.es\/de\/wp-json\/wp\/v2\/posts"}],"about":[{"href":"https:\/\/informacionlocal.es\/de\/wp-json\/wp\/v2\/types\/post"}],"author":[{"embeddable":true,"href":"https:\/\/informacionlocal.es\/de\/wp-json\/wp\/v2\/users\/1"}],"replies":[{"embeddable":true,"href":"https:\/\/informacionlocal.es\/de\/wp-json\/wp\/v2\/comments?post=3011"}],"version-history":[{"count":0,"href":"https:\/\/informacionlocal.es\/de\/wp-json\/wp\/v2\/posts\/3011\/revisions"}],"wp:featuredmedia":[{"embeddable":true,"href":"https:\/\/informacionlocal.es\/de\/wp-json\/wp\/v2\/media\/3008"}],"wp:attachment":[{"href":"https:\/\/informacionlocal.es\/de\/wp-json\/wp\/v2\/media?parent=3011"}],"wp:term":[{"taxonomy":"category","embeddable":true,"href":"https:\/\/informacionlocal.es\/de\/wp-json\/wp\/v2\/categories?post=3011"},{"taxonomy":"post_tag","embeddable":true,"href":"https:\/\/informacionlocal.es\/de\/wp-json\/wp\/v2\/tags?post=3011"}],"curies":[{"name":"wp","href":"https:\/\/api.w.org\/{rel}","templated":true}]}}