{"id":2999,"date":"2025-05-04T18:21:17","date_gmt":"2025-05-04T18:21:17","guid":{"rendered":"https:\/\/informacionlocal.es\/tuineje-gratuliert-bianca-scarpari-der-gewinnerin-des-premio-insular-de-la-feria-de-artesania-inselpreis-der-kunsthandwerksmesse\/"},"modified":"2025-05-04T18:21:17","modified_gmt":"2025-05-04T18:21:17","slug":"tuineje-gratuliert-bianca-scarpari-der-gewinnerin-des-premio-insular-de-la-feria-de-artesania-inselpreis-der-kunsthandwerksmesse","status":"publish","type":"post","link":"https:\/\/informacionlocal.es\/de\/tuineje-gratuliert-bianca-scarpari-der-gewinnerin-des-premio-insular-de-la-feria-de-artesania-inselpreis-der-kunsthandwerksmesse\/","title":{"rendered":"Tuineje gratuliert Bianca Scarpari, der Gewinnerin des Premio Insular de la Feria de Artesan\u00eda (Inselpreis der Kunsthandwerksmesse)."},"content":{"rendered":"<div class=\"article-content-inner\">\n<p>Der Stadtrat von Tuineje m\u00f6chte Bianca Scarpari, eine Einwohnerin der Gemeinde, \u00f6ffentlich dazu begl\u00fcckw\u00fcnschen, dass sie in diesem Jahr mit dem <strong>Inselpreis der Handwerksmesse von Fuerteventura<\/strong> ausgezeichnet wurde, eine wohlverdiente Anerkennung ihrer Karriere, ihres Engagements und ihres Beitrags zur Patchworkkunst auf der Insel.<\/p>\n<p>Geboren und aufgewachsen in Venedig, Italien, entdeckte Bianca ihre Leidenschaft f\u00fcr Patchwork im Jahr 1995, als sie fast zuf\u00e4llig einen Kurs in dieser Textiltechnik besuchte. Von diesem ersten Kurs an verliebte sie sich zutiefst in diese Kunstform, die sie zu einer k\u00fcnstlerischen Karriere f\u00fchrte, die von st\u00e4ndiger Weiterbildung, technischer Innovation und st\u00e4ndiger Hingabe an ihre Berufung gepr\u00e4gt ist. <\/p>\n<p>Im Jahr 1999 f\u00f6rderte sie den ersten Patchwork-Kongress von Venetien und den ersten Quilting Day, Veranstaltungen, die sich zu einer Referenz in Italien entwickelt haben und dieses Jahr zum 26. mal stattfinden. Sie war auch Gr\u00fcndungsmitglied des Patchwork-Kulturvereins &#8222;Sala di Quiltatura&#8220; in Treviso, der eine lebendige k\u00fcnstlerische Gemeinschaft rund um Patchwork geschaffen hat. <\/p>\n<p>Bianca hat an Ausstellungen und Wettbewerben in Italien und Frankreich teilgenommen und ihr Wissen als Lehrerin auf verschiedenen Ebenen weitergegeben. Im Jahr 2006 besuchte sie zum ersten Mal Fuerteventura und war von dem einzigartigen Charakter der Insel fasziniert. Ein Jahr sp\u00e4ter beschloss sie, sich dauerhaft auf Fuerteventura niederzulassen, angezogen vom Meer, der Landschaft und der Herzlichkeit der Menschen.  <\/p>\n<p>Seit 2008 gibt sie auf der ganzen Insel Kurse in traditioneller und zeitgen\u00f6ssischer Patchworkarbeit und schafft weiterhin Werke, die sie auf zahlreichen Ausstellungen und Messen pr\u00e4sentiert. Im Jahr 2010 erhielt sie die Handwerkskarte des Cabildo de Fuerteventura als T\u00f6pferin und festigte damit ihre Arbeit in der Kunsthandwerksszene der Kanarischen Inseln. <\/p>\n<p>Die Gemeinde Tuineje ist stolz darauf, Nachbarn wie Bianca Scarpari zu haben, die mit ihrem Talent und ihrem Einsatz zur kulturellen und k\u00fcnstlerischen Bereicherung unserer Gemeinde beitragen. Ihre Geschichte ist ein Beispiel daf\u00fcr, wie Leidenschaft, Kunst und die Wurzeln eines Landes zu einem inspirierenden Weg zusammenfinden k\u00f6nnen. <\/p>\n<\/div>\n","protected":false},"excerpt":{"rendered":"<p>Der Stadtrat von Tuineje m\u00f6chte Bianca Scarpari, eine Einwohnerin der Gemeinde, \u00f6ffentlich dazu begl\u00fcckw\u00fcnschen, dass sie in diesem Jahr mit dem Inselpreis der Handwerksmesse von Fuerteventura ausgezeichnet wurde, eine wohlverdiente [&hellip;]<\/p>\n","protected":false},"author":1,"featured_media":2996,"comment_status":"open","ping_status":"open","sticky":false,"template":"","format":"standard","meta":{"inline_featured_image":false,"jnews-multi-image_gallery":[],"jnews_single_post":[],"jnews_primary_category":[],"jnews_social_meta":[],"jnews_override_counter":[],"jnews_post_split":[],"footnotes":""},"categories":[299],"tags":[303,216],"class_list":["post-2999","post","type-post","status-publish","format-standard","has-post-thumbnail","hentry","category-tuineje-de","tag-eventos-de","tag-fuerteventura-de"],"jetpack_featured_media_url":"https:\/\/informacionlocal.es\/wp-content\/uploads\/2025\/05\/captura-de-pantalla-2025-05-04-a-las-15-06-05-1024x571-1.png","_links":{"self":[{"href":"https:\/\/informacionlocal.es\/de\/wp-json\/wp\/v2\/posts\/2999","targetHints":{"allow":["GET"]}}],"collection":[{"href":"https:\/\/informacionlocal.es\/de\/wp-json\/wp\/v2\/posts"}],"about":[{"href":"https:\/\/informacionlocal.es\/de\/wp-json\/wp\/v2\/types\/post"}],"author":[{"embeddable":true,"href":"https:\/\/informacionlocal.es\/de\/wp-json\/wp\/v2\/users\/1"}],"replies":[{"embeddable":true,"href":"https:\/\/informacionlocal.es\/de\/wp-json\/wp\/v2\/comments?post=2999"}],"version-history":[{"count":0,"href":"https:\/\/informacionlocal.es\/de\/wp-json\/wp\/v2\/posts\/2999\/revisions"}],"wp:featuredmedia":[{"embeddable":true,"href":"https:\/\/informacionlocal.es\/de\/wp-json\/wp\/v2\/media\/2996"}],"wp:attachment":[{"href":"https:\/\/informacionlocal.es\/de\/wp-json\/wp\/v2\/media?parent=2999"}],"wp:term":[{"taxonomy":"category","embeddable":true,"href":"https:\/\/informacionlocal.es\/de\/wp-json\/wp\/v2\/categories?post=2999"},{"taxonomy":"post_tag","embeddable":true,"href":"https:\/\/informacionlocal.es\/de\/wp-json\/wp\/v2\/tags?post=2999"}],"curies":[{"name":"wp","href":"https:\/\/api.w.org\/{rel}","templated":true}]}}