{"id":2975,"date":"2025-05-04T18:00:38","date_gmt":"2025-05-04T18:00:38","guid":{"rendered":"https:\/\/informacionlocal.es\/tuineje-hebt-den-wert-des-holzofens-auf-der-handwerksmesse-der-insel-hervor\/"},"modified":"2025-05-04T18:00:38","modified_gmt":"2025-05-04T18:00:38","slug":"tuineje-hebt-den-wert-des-holzofens-auf-der-handwerksmesse-der-insel-hervor","status":"publish","type":"post","link":"https:\/\/informacionlocal.es\/de\/tuineje-hebt-den-wert-des-holzofens-auf-der-handwerksmesse-der-insel-hervor\/","title":{"rendered":"Tuineje hebt den Wert des Holzofens auf der Handwerksmesse der Insel hervor"},"content":{"rendered":"<div class=\"article-content-inner\">\n<p>Gestern wurde in der Gemeinde Antigua die 36. Ausgabe der Handwerksmesse der Insel mit der offiziellen Er\u00f6ffnung der institutionellen St\u00e4nde eingeweiht. Das Rathaus von Tuineje nimmt an dieser Messe mit einem Stand teil, der den Wert des Holzofens hervorhebt, der ein wichtiges historisches Element in der Tradition der Gemeinde ist. <\/p>\n<p>Der Holzofen ist ein wesentlicher Bestandteil des kulturellen Erbes von Tuineje, der mit der Herstellung von Produkten wie Brot, Br\u00f6tchen und anderen traditionellen Lebensmitteln verbunden ist. Diese Praktiken spiegeln das Wissen und die Fertigkeiten wider, die von Generation zu Generation weitergegeben werden, im Einklang mit den nat\u00fcrlichen Ressourcen des Majorero-Gebiets. <\/p>\n<p>&#8222;Mit diesem Stand wollen wir ein historisches Instrument w\u00fcrdigen, das eine Schl\u00fcsselrolle in der Geschichte unserer H\u00e4user, unserer Traditionen und unserer Feste spielt. Es ist eine Art und Weise, das, was uns geh\u00f6rt, zu rechtfertigen und es mit Stolz der ganzen Insel zu zeigen&#8220;, sagte die Stadtr\u00e4tin f\u00fcr Kultur, Dulce Garc\u00eda.<\/p>\n<p>Die B\u00fcrgermeisterin von Tuineje, Candelaria Umpi\u00e9rrez, betonte, dass &#8222;die Handwerksmesse der Insel ein unumg\u00e4ngliches Ereignis ist, um das reiche Erbe unserer Gemeinde zu pr\u00e4sentieren. Tuineje hat eine Geschichte, die langsam wie Brot im Holzofen gebacken wurde, und dies ist eine gro\u00dfartige Gelegenheit, sie mit den Besuchern zu teilen&#8220;.<\/p>\n<p>Das traditionelle Handwerk Fuerteventuras, die Protagonisten dieser Messe, ist Teil des wertvollen kulturellen Erbes der Kanarischen Inseln. Die F\u00e4higkeiten, das Wissen und die Produkte der kanarischen Kunsthandwerker sind Ausdruck einer einzigartigen Beziehung zur Umwelt, die auf der Verwendung lokaler Materialien und traditioneller Techniken beruht. <\/p>\n<p>Die Messe dauert noch bis Sonntag und bietet dem Publikum Live-Vorf\u00fchrungen und Verkostungen von Produkten, die nach traditioneller Art am Stand von Tuineje in einem lebensgro\u00dfen, funktionalen Holzofen hergestellt werden, der eigens f\u00fcr diese Veranstaltung entworfen wurde.<\/p>\n<\/div>\n","protected":false},"excerpt":{"rendered":"<p>Gestern wurde in der Gemeinde Antigua die 36. Ausgabe der Handwerksmesse der Insel mit der offiziellen Er\u00f6ffnung der institutionellen St\u00e4nde eingeweiht. Das Rathaus von Tuineje nimmt an dieser Messe mit [&hellip;]<\/p>\n","protected":false},"author":1,"featured_media":2972,"comment_status":"open","ping_status":"open","sticky":false,"template":"","format":"standard","meta":{"inline_featured_image":false,"jnews-multi-image_gallery":[],"jnews_single_post":[],"jnews_primary_category":[],"jnews_social_meta":[],"jnews_override_counter":[],"jnews_post_split":[],"footnotes":""},"categories":[299],"tags":[216],"class_list":["post-2975","post","type-post","status-publish","format-standard","has-post-thumbnail","hentry","category-tuineje-de","tag-fuerteventura-de"],"jetpack_featured_media_url":"https:\/\/informacionlocal.es\/wp-content\/uploads\/2025\/05\/tuineje-feria-1024x712-1.png","_links":{"self":[{"href":"https:\/\/informacionlocal.es\/de\/wp-json\/wp\/v2\/posts\/2975","targetHints":{"allow":["GET"]}}],"collection":[{"href":"https:\/\/informacionlocal.es\/de\/wp-json\/wp\/v2\/posts"}],"about":[{"href":"https:\/\/informacionlocal.es\/de\/wp-json\/wp\/v2\/types\/post"}],"author":[{"embeddable":true,"href":"https:\/\/informacionlocal.es\/de\/wp-json\/wp\/v2\/users\/1"}],"replies":[{"embeddable":true,"href":"https:\/\/informacionlocal.es\/de\/wp-json\/wp\/v2\/comments?post=2975"}],"version-history":[{"count":0,"href":"https:\/\/informacionlocal.es\/de\/wp-json\/wp\/v2\/posts\/2975\/revisions"}],"wp:featuredmedia":[{"embeddable":true,"href":"https:\/\/informacionlocal.es\/de\/wp-json\/wp\/v2\/media\/2972"}],"wp:attachment":[{"href":"https:\/\/informacionlocal.es\/de\/wp-json\/wp\/v2\/media?parent=2975"}],"wp:term":[{"taxonomy":"category","embeddable":true,"href":"https:\/\/informacionlocal.es\/de\/wp-json\/wp\/v2\/categories?post=2975"},{"taxonomy":"post_tag","embeddable":true,"href":"https:\/\/informacionlocal.es\/de\/wp-json\/wp\/v2\/tags?post=2975"}],"curies":[{"name":"wp","href":"https:\/\/api.w.org\/{rel}","templated":true}]}}