{"id":2952,"date":"2025-05-03T19:41:01","date_gmt":"2025-05-03T19:41:01","guid":{"rendered":"https:\/\/informacionlocal.es\/puerto-del-rosario-auf-der-36-messe-fuer-inselhandwerk\/"},"modified":"2025-05-03T19:41:01","modified_gmt":"2025-05-03T19:41:01","slug":"puerto-del-rosario-auf-der-36-messe-fuer-inselhandwerk","status":"publish","type":"post","link":"https:\/\/informacionlocal.es\/de\/puerto-del-rosario-auf-der-36-messe-fuer-inselhandwerk\/","title":{"rendered":"Puerto del Rosario auf der 36. Messe f\u00fcr Inselhandwerk"},"content":{"rendered":"<div class=\"entry-content\">\n<div class=\"html-div xdj266r x11i5rnm xat24cr x1mh8g0r xexx8yu x4uap5 x18d9i69 xkhd6sd\">\n<div class=\"html-div xdj266r x11i5rnm x1mh8g0r x18d9i69 x1cy8zhl x78zum5 x1q0g3np xod5an3 xz9dl7a x1ye3gou xn6708d\">\n<div class=\"html-div xdj266r x11i5rnm xat24cr x1mh8g0r xexx8yu x4uap5 x18d9i69 xkhd6sd x1iyjqo2 xeuugli\">\n<div class=\"x78zum5 xdt5ytf xz62fqu x16ldp7u\">\n<div class=\"html-div xdj266r x11i5rnm xat24cr x1mh8g0r xexx8yu x4uap5 x18d9i69 xkhd6sd x1q0g3np\">Die Stadtverwaltung der Hauptstadt beteiligt sich mit einem Stand, der eine Hommage an die Kalk\u00f6fen darstellt. Nach der Er\u00f6ffnung am Donnerstagabend, 1. Mai, kann die Messe an diesem Wochenende in der Gemeinde Antigua bei freiem Eintritt besucht werden. <\/div>\n<\/div>\n<\/div>\n<\/div>\n<\/div>\n<div class=\"html-div xdj266r x11i5rnm xat24cr x1mh8g0r xexx8yu x4uap5 x18d9i69 xkhd6sd\">\n<div class=\"html-div xdj266r x11i5rnm xat24cr x1mh8g0r xexx8yu x4uap5 x18d9i69 xkhd6sd\" dir=\"auto\">\n<div class=\"html-div xdj266r x11i5rnm xat24cr x1mh8g0r xexx8yu x4uap5 x18d9i69 xkhd6sd\" data-ad-rendering-role=\"story_message\">\n<div id=\"\u00abrjm\u00bb\" class=\"x1l90r2v x1iorvi4 x1ye3gou xn6708d\" data-ad-comet-preview=\"message\" data-ad-preview=\"message\">\n<div class=\"x78zum5 xdt5ytf xz62fqu x16ldp7u\">\n<div class=\"xu06os2 x1ok221b\">\n<div class=\"x11i5rnm xat24cr x1mh8g0r x1vvkbs xtlvy1s x126k92a\">\n<div dir=\"auto\">F\u00fcr B\u00fcrgermeister David de Vera ist die Insular Craft Fair eine wichtige Veranstaltung f\u00fcr alle, die an den Wert unserer Traditionen, an lokale Talente und an die St\u00e4rke handgefertigter Produkte glauben.<\/div>\n<\/div>\n<div class=\"x11i5rnm xat24cr x1mh8g0r x1vvkbs xtlvy1s x126k92a\">\n<div dir=\"auto\">Vom Rathaus aus m\u00f6chten wir unsere volle Unterst\u00fctzung f\u00fcr die Kunsthandwerker zeigen, die in hervorragender Weise die Identit\u00e4t unserer Majorera repr\u00e4sentieren. Ihre Arbeit versch\u00f6nert nicht nur unser t\u00e4gliches Leben, sondern bewahrt auch die Geschichte, kurbelt die lokale Wirtschaft an und verbindet uns mit unseren Wurzeln&#8220;. <\/div>\n<\/div>\n<div class=\"x11i5rnm xat24cr x1mh8g0r x1vvkbs xtlvy1s x126k92a\">\n<div dir=\"auto\">Der Stadtrat f\u00fcr Kultur, Juan Manuel Verdugo, dr\u00fcckte seine Zufriedenheit mit einem Stand aus, &#8222;der die wichtige Arbeit all derer w\u00fcrdigt, die durch die Kalkindustrie zur Wirtschaft der Gemeinde und der Insel beigetragen haben, und derjenigen, die sich heute f\u00fcr die F\u00f6rderung, Verbreitung und Unterst\u00fctzung der zahlreichen Kalk\u00f6fen in unserer Gemeinde einsetzen&#8220;.<\/div>\n<\/div>\n<div class=\"x11i5rnm xat24cr x1mh8g0r x1vvkbs xtlvy1s x126k92a\">\n<div dir=\"auto\">Der Stadtrat f\u00fcr den Prim\u00e4ren Sektor, David de Le\u00f3n, betonte, dass &#8222;diese Veranstaltung eine fantastische Gelegenheit f\u00fcr unsere Kunsthandwerker ist, sich zu treffen, damit die \u00d6ffentlichkeit unsere Kultur und Traditionen genie\u00dfen kann. Es ist eine j\u00e4hrliche Veranstaltung, die es wert ist, mit Familie und Freunden besucht zu werden&#8220;.<\/div>\n<\/div>\n<div class=\"x11i5rnm xat24cr x1mh8g0r x1vvkbs xtlvy1s x126k92a\">\n<div dir=\"auto\">Herzlichen Gl\u00fcckwunsch an die Organisation und an alle teilnehmenden Gemeinden. Diese Messe ist ein Fest der Anstrengung, der Kreativit\u00e4t und der Seele von Fuerteventura. <\/div>\n<\/div>\n<\/div>\n<\/div>\n<\/div>\n<\/div>\n<\/div>\n<\/div>\n<\/div>\n","protected":false},"excerpt":{"rendered":"<p>Die Stadtverwaltung der Hauptstadt beteiligt sich mit einem Stand, der eine Hommage an die Kalk\u00f6fen darstellt. Nach der Er\u00f6ffnung am Donnerstagabend, 1. Mai, kann die Messe an diesem Wochenende in [&hellip;]<\/p>\n","protected":false},"author":1,"featured_media":2947,"comment_status":"open","ping_status":"open","sticky":false,"template":"","format":"standard","meta":{"inline_featured_image":false,"jnews-multi-image_gallery":[],"jnews_single_post":[],"jnews_primary_category":[],"jnews_social_meta":[],"jnews_override_counter":[],"jnews_post_split":[],"footnotes":""},"categories":[293],"tags":[216,196],"class_list":["post-2952","post","type-post","status-publish","format-standard","has-post-thumbnail","hentry","category-puerto-del-rosario-de","tag-fuerteventura-de","tag-gemeinden"],"jetpack_featured_media_url":"https:\/\/informacionlocal.es\/wp-content\/uploads\/2025\/05\/fia-25-titu-alcalde-y-david-logo.jpg","_links":{"self":[{"href":"https:\/\/informacionlocal.es\/de\/wp-json\/wp\/v2\/posts\/2952","targetHints":{"allow":["GET"]}}],"collection":[{"href":"https:\/\/informacionlocal.es\/de\/wp-json\/wp\/v2\/posts"}],"about":[{"href":"https:\/\/informacionlocal.es\/de\/wp-json\/wp\/v2\/types\/post"}],"author":[{"embeddable":true,"href":"https:\/\/informacionlocal.es\/de\/wp-json\/wp\/v2\/users\/1"}],"replies":[{"embeddable":true,"href":"https:\/\/informacionlocal.es\/de\/wp-json\/wp\/v2\/comments?post=2952"}],"version-history":[{"count":0,"href":"https:\/\/informacionlocal.es\/de\/wp-json\/wp\/v2\/posts\/2952\/revisions"}],"wp:featuredmedia":[{"embeddable":true,"href":"https:\/\/informacionlocal.es\/de\/wp-json\/wp\/v2\/media\/2947"}],"wp:attachment":[{"href":"https:\/\/informacionlocal.es\/de\/wp-json\/wp\/v2\/media?parent=2952"}],"wp:term":[{"taxonomy":"category","embeddable":true,"href":"https:\/\/informacionlocal.es\/de\/wp-json\/wp\/v2\/categories?post=2952"},{"taxonomy":"post_tag","embeddable":true,"href":"https:\/\/informacionlocal.es\/de\/wp-json\/wp\/v2\/tags?post=2952"}],"curies":[{"name":"wp","href":"https:\/\/api.w.org\/{rel}","templated":true}]}}