{"id":2939,"date":"2025-05-03T19:40:52","date_gmt":"2025-05-03T19:40:52","guid":{"rendered":"https:\/\/informacionlocal.es\/4-puerto-del-rosario-speedpainting-wettbewerb\/"},"modified":"2025-05-03T19:40:52","modified_gmt":"2025-05-03T19:40:52","slug":"4-puerto-del-rosario-speedpainting-wettbewerb","status":"publish","type":"post","link":"https:\/\/informacionlocal.es\/de\/4-puerto-del-rosario-speedpainting-wettbewerb\/","title":{"rendered":"4. Puerto del Rosario Speedpainting-Wettbewerb"},"content":{"rendered":"<div class=\"entry-content\">\n<div class=\"xdj266r x11i5rnm xat24cr x1mh8g0r x1vvkbs x126k92a\">\n<div dir=\"auto\">Die Anmeldefrist f\u00fcr das IV Certamen de Pintura R\u00e1pida de Puerto del Rosario ist nun er\u00f6ffnet.<\/div>\n<\/div>\n<div class=\"x11i5rnm xat24cr x1mh8g0r x1vvkbs xtlvy1s x126k92a\">\n<div dir=\"auto\">Der Wettbewerb findet am Samstag, den 10. Mai, im Rahmen der Kulturveranstaltung &#8222;Puerto es Primavera&#8220; statt, die Live-Musik, Kinderworkshops, Gastronomie und einen Handwerksmarkt umfasst.<\/div>\n<\/div>\n<div class=\"x11i5rnm xat24cr x1mh8g0r x1vvkbs xtlvy1s x126k92a\">\n<div dir=\"auto\">Im Rahmen der Veranstaltung werden wichtige Wirtschaftspreise in der Erwachsenenkategorie und zahlreiche Kunstwerke in den Kinder- und Jugendkategorien vergeben.<\/div>\n<\/div>\n<div class=\"x11i5rnm xat24cr x1mh8g0r x1vvkbs xtlvy1s x126k92a\">\n<div dir=\"auto\">Das Rathaus von Puerto del Rosario hat \u00fcber seine Kulturabteilung die Anmeldefrist f\u00fcr die Teilnahme am IV. Speed-Painting-Wettbewerb er\u00f6ffnet, einer der Hauptaktivit\u00e4ten der Veranstaltung &#8222;Puerto es Primavera&#8220;, die am Samstag, den 10. Mai im Bereich hinter der Kirche Nuestra Se\u00f1ora del Rosario und der Stra\u00dfe Primero de Mayo stattfinden wird.<\/div>\n<\/div>\n<div class=\"x11i5rnm xat24cr x1mh8g0r x1vvkbs xtlvy1s x126k92a\">\n<div dir=\"auto\">Der kostenlose Wettbewerb richtet sich sowohl an etablierte K\u00fcnstler als auch an neue Talente und ist in zwei Kategorien unterteilt: Kinder\/Jugendliche (6 bis 17 Jahre) und Erwachsene (ab 18 Jahren). Ausnahmsweise k\u00f6nnen auch Jugendliche zwischen 12 und 17 Jahren in der Kategorie Erwachsene teilnehmen, wenn sie dies w\u00fcnschen und die Erlaubnis ihres gesetzlichen Vertreters haben. <\/div>\n<\/div>\n<div class=\"x11i5rnm xat24cr x1mh8g0r x1vvkbs xtlvy1s x126k92a\">\n<div dir=\"auto\">Interessierte k\u00f6nnen sich ab sofort \u00fcber die offizielle Website <span class=\"html-span xdj266r x11i5rnm xat24cr x1mh8g0r xexx8yu x4uap5 x18d9i69 xkhd6sd x1hl2dhg x16tdsg8 x1vvkbs\">www.puertoescultura.es anmelden ,<\/span> auf der auch die vollst\u00e4ndigen Regeln des Wettbewerbs abrufbar sind. Die Frist l\u00e4uft noch bis Freitag, den 9. Mai um 18:00 Uhr oder bis alle verf\u00fcgbaren Pl\u00e4tze vergeben sind. <\/div>\n<\/div>\n<div class=\"x11i5rnm xat24cr x1mh8g0r x1vvkbs xtlvy1s x126k92a\">\n<div dir=\"auto\">Das Thema dieser Ausgabe lautet &#8222;Landschaften der Kanarischen Inseln&#8220;, und die Werke m\u00fcssen vollst\u00e4ndig w\u00e4hrend des Veranstaltungstages in freiem Format, aber mit einer Mindestgr\u00f6\u00dfe von 50 x 50 cm erstellt werden. Die Organisatoren werden ab 10:30 Uhr eine Informations- und Stempelstelle f\u00fcr die Medien einrichten. <\/div>\n<\/div>\n<div class=\"x11i5rnm xat24cr x1mh8g0r x1vvkbs xtlvy1s x126k92a\">\n<div dir=\"auto\">Zu den Preisen geh\u00f6ren ein Geldpreis in H\u00f6he von 500, 250 und 150 Euro f\u00fcr die ersten drei Gewinner in der Kategorie Erwachsene sowie f\u00fcnf zweite Preise mit Urkunden. In der Kategorie Kinder\/Jugendliche werden Lose mit k\u00fcnstlerischem Material im Wert zwischen 100 und 25 Euro vergeben, womit die Bem\u00fchungen und die Kreativit\u00e4t der j\u00fcngsten Teilnehmer gew\u00fcrdigt werden. <\/div>\n<\/div>\n<div class=\"x11i5rnm xat24cr x1mh8g0r x1vvkbs xtlvy1s x126k92a\">\n<div dir=\"auto\">Neben dem Wettbewerb bietet &#8222;Puerto es Primavera&#8220; den ganzen Tag \u00fcber ein Kultur- und Familienprogramm mit musikalischen Live-Auftritten, Workshops und Aktivit\u00e4ten f\u00fcr Kinder, einem gastronomischen Bereich und einem Kunsthandwerkermarkt, auf dem lokale Hersteller und Produkte pr\u00e4sentiert werden.<\/div>\n<\/div>\n<div class=\"x11i5rnm xat24cr x1mh8g0r x1vvkbs xtlvy1s x126k92a\">\n<div dir=\"auto\">Mit diesem Vorschlag m\u00f6chte die Stadtverwaltung von Puerto del Rosario die Kreativit\u00e4t f\u00f6rdern, die Kunst den B\u00fcrgern n\u00e4her bringen und das Stadtzentrum in einer fr\u00fchlingshaften Atmosph\u00e4re, die partizipativ und f\u00fcr alle zug\u00e4nglich ist, beleben.<\/div>\n<\/div>\n<div class=\"x11i5rnm xat24cr x1mh8g0r x1vvkbs xtlvy1s x126k92a\">\n<div dir=\"auto\">F\u00fcr weitere Informationen und Anmeldung:<\/div>\n<\/div>\n<div class=\"x11i5rnm xat24cr x1mh8g0r x1vvkbs xtlvy1s x126k92a\">\n<div dir=\"auto\"><span class=\"html-span xdj266r x11i5rnm xat24cr x1mh8g0r xexx8yu x4uap5 x18d9i69 xkhd6sd x1hl2dhg x16tdsg8 x1vvkbs\">www.puertoescultura.es<\/span><\/div>\n<div dir=\"auto\">info@puertoescultura.es<\/div>\n<\/div>\n<\/div>\n","protected":false},"excerpt":{"rendered":"<p>Die Anmeldefrist f\u00fcr das IV Certamen de Pintura R\u00e1pida de Puerto del Rosario ist nun er\u00f6ffnet. Der Wettbewerb findet am Samstag, den 10. Mai, im Rahmen der Kulturveranstaltung &#8222;Puerto es [&hellip;]<\/p>\n","protected":false},"author":1,"featured_media":2936,"comment_status":"open","ping_status":"open","sticky":false,"template":"","format":"standard","meta":{"inline_featured_image":false,"jnews-multi-image_gallery":[],"jnews_single_post":[],"jnews_primary_category":[],"jnews_social_meta":[],"jnews_override_counter":[],"jnews_post_split":[],"footnotes":""},"categories":[293],"tags":[],"class_list":["post-2939","post","type-post","status-publish","format-standard","has-post-thumbnail","hentry","category-puerto-del-rosario-de"],"jetpack_featured_media_url":"https:\/\/informacionlocal.es\/wp-content\/uploads\/2025\/05\/pintura-100525.jpg","_links":{"self":[{"href":"https:\/\/informacionlocal.es\/de\/wp-json\/wp\/v2\/posts\/2939","targetHints":{"allow":["GET"]}}],"collection":[{"href":"https:\/\/informacionlocal.es\/de\/wp-json\/wp\/v2\/posts"}],"about":[{"href":"https:\/\/informacionlocal.es\/de\/wp-json\/wp\/v2\/types\/post"}],"author":[{"embeddable":true,"href":"https:\/\/informacionlocal.es\/de\/wp-json\/wp\/v2\/users\/1"}],"replies":[{"embeddable":true,"href":"https:\/\/informacionlocal.es\/de\/wp-json\/wp\/v2\/comments?post=2939"}],"version-history":[{"count":0,"href":"https:\/\/informacionlocal.es\/de\/wp-json\/wp\/v2\/posts\/2939\/revisions"}],"wp:featuredmedia":[{"embeddable":true,"href":"https:\/\/informacionlocal.es\/de\/wp-json\/wp\/v2\/media\/2936"}],"wp:attachment":[{"href":"https:\/\/informacionlocal.es\/de\/wp-json\/wp\/v2\/media?parent=2939"}],"wp:term":[{"taxonomy":"category","embeddable":true,"href":"https:\/\/informacionlocal.es\/de\/wp-json\/wp\/v2\/categories?post=2939"},{"taxonomy":"post_tag","embeddable":true,"href":"https:\/\/informacionlocal.es\/de\/wp-json\/wp\/v2\/tags?post=2939"}],"curies":[{"name":"wp","href":"https:\/\/api.w.org\/{rel}","templated":true}]}}