{"id":2927,"date":"2025-05-03T15:43:02","date_gmt":"2025-05-03T15:43:02","guid":{"rendered":"https:\/\/informacionlocal.es\/die-kunsthandwerkerin-bianca-scarpari-wird-den-premio-insular-de-artesania-mit-los-gofiones-feiern\/"},"modified":"2025-05-03T15:43:02","modified_gmt":"2025-05-03T15:43:02","slug":"die-kunsthandwerkerin-bianca-scarpari-wird-den-premio-insular-de-artesania-mit-los-gofiones-feiern","status":"publish","type":"post","link":"https:\/\/informacionlocal.es\/de\/die-kunsthandwerkerin-bianca-scarpari-wird-den-premio-insular-de-artesania-mit-los-gofiones-feiern\/","title":{"rendered":"Die Kunsthandwerkerin Bianca Scarpari wird den Premio Insular de Artesan\u00eda mit Los Gofiones feiern"},"content":{"rendered":"<div class=\"elementor-widget-container\">\n<p><strong>Die Kunsthandwerkerin Bianca Scarpari wird den Premio Insular de Artesan\u00eda mit Los Gofiones feiern<\/strong><\/p>\n<p><strong>&#8211; Los Gofiones werden die Feierlichkeiten zur Verleihung des Bianca Scarpari Island Crafts Award 2025 musikalisch begleiten.<\/strong><br \/><strong>&#8211; Die 36. Feria Insular de Artesan\u00eda (Kunsthandwerksmesse der Insel) ist ein Fest des Verkaufs von handgefertigten Werken und St\u00fccken sowie des Verkaufs von kanarischen Produkten wie Honig, Mojos, \u00d6len und traditionellen S\u00fc\u00dfigkeiten auf dem Mercadillo (Stra\u00dfenmarkt).<\/strong><\/p>\n<p>Die Meisterin des Kunsthandwerks Bianca Scarpari hat immer ein L\u00e4cheln auf den Lippen und feiert jeden Tag dieser insularen Handwerksmesse, die f\u00fcr sie etwas ganz Besonderes ist, da sie am Sonntag, den 4. Mai um 12:30 Uhr den Preis f\u00fcr insulares Kunsthandwerk erh\u00e4lt.<\/p>\n<p>Scarparis strahlender und aufgeregter Blick verbirgt weder ihre Bescheidenheit noch ihre \u00dcberraschung, und sie best\u00e4tigt dies, indem sie daran erinnert, dass sie sich auf Fuerteventura immer zu Hause gef\u00fchlt hat, vor allem in der Feria Insular de Artesan\u00eda, die sie vom ersten Moment an mit all ihrer Zuneigung aufgenommen hat und mir nun auch dieses gro\u00dfe Geschenk macht.<\/p>\n<p>Die Kunsthandwerkerin der Almazuelas hat auf der Insel eine Schule gegr\u00fcndet, und als Ergebnis der m\u00fchsamen und geduldigen Arbeit ihrer Lehrlinge wird eine spektakul\u00e4re Ausstellung im institutionellen Zelt angeboten, wo das Ergebnis in gro\u00dfen Stoffen zusammengef\u00fcgt, in m\u00fchsamen Designs und N\u00e4hten, einen gro\u00dfen Teil der W\u00e4nde des Geh\u00e4uses kleidet. Eine Ausstellung, erinnert sich Scarpari, venezianischen Ursprungs, die seit mehr als zwanzig Jahren, majorera, eine Ausstellung von Quilts in Bergamo pr\u00e4sentiert und wo sie die Gl\u00fcckw\u00fcnsche und Bewunderung vieler italienischer Handwerkerinnen und Frauen, die von dem Ergebnis bewundert wurden, erhalten. <\/p>\n<p>An diesem Sonntag, dem 5. Mai, macht die Messe f\u00fcr insulares Kunsthandwerk um 12.30 Uhr einen kurzen Halt, um Bianca Scarpari den Preis f\u00fcr insulares Kunsthandwerk 2025 zu \u00fcberreichen, mit der geb\u00fchrenden und verdienten Aufmerksamkeit des B\u00fcrgermeisters von Antigua, Mat\u00edas Pe\u00f1a, und der Pr\u00e4sidentin der Stiftung Colectivo Mafasca, Nereida Brito, in Begleitung der Pr\u00e4sidentin des Cabildo von Fuerteventura, Lola Garc\u00eda.<\/p>\n<p>Ein Moment, um zu applaudieren und dann mit der Musik von Los Gofiones und ihren etwa f\u00fcnfzig Interpreten und Musikern zu feiern, die uns in diesem Jahr bei der XXXVI Feria Insular de Artesan\u00eda die beste kanarische Folklore bieten.<\/p>\n<\/div>\n","protected":false},"excerpt":{"rendered":"<p><strong>Die Kunsthandwerkerin Bianca Scarpari wird den Premio Insular de Artesan\u00eda mit Los Gofiones feiern<\/strong><\/p>\n","protected":false},"author":1,"featured_media":2924,"comment_status":"open","ping_status":"open","sticky":false,"template":"","format":"standard","meta":{"inline_featured_image":false,"jnews-multi-image_gallery":[],"jnews_single_post":[],"jnews_primary_category":[],"jnews_social_meta":[],"jnews_override_counter":[],"jnews_post_split":[],"footnotes":""},"categories":[283],"tags":[216],"class_list":["post-2927","post","type-post","status-publish","format-standard","has-post-thumbnail","hentry","category-antigua-de","tag-fuerteventura-de"],"jetpack_featured_media_url":"https:\/\/informacionlocal.es\/wp-content\/uploads\/2025\/05\/alcalde-y-concejal-con-la-premio-insular-de-artesania-scaled-1.jpg","_links":{"self":[{"href":"https:\/\/informacionlocal.es\/de\/wp-json\/wp\/v2\/posts\/2927","targetHints":{"allow":["GET"]}}],"collection":[{"href":"https:\/\/informacionlocal.es\/de\/wp-json\/wp\/v2\/posts"}],"about":[{"href":"https:\/\/informacionlocal.es\/de\/wp-json\/wp\/v2\/types\/post"}],"author":[{"embeddable":true,"href":"https:\/\/informacionlocal.es\/de\/wp-json\/wp\/v2\/users\/1"}],"replies":[{"embeddable":true,"href":"https:\/\/informacionlocal.es\/de\/wp-json\/wp\/v2\/comments?post=2927"}],"version-history":[{"count":0,"href":"https:\/\/informacionlocal.es\/de\/wp-json\/wp\/v2\/posts\/2927\/revisions"}],"wp:featuredmedia":[{"embeddable":true,"href":"https:\/\/informacionlocal.es\/de\/wp-json\/wp\/v2\/media\/2924"}],"wp:attachment":[{"href":"https:\/\/informacionlocal.es\/de\/wp-json\/wp\/v2\/media?parent=2927"}],"wp:term":[{"taxonomy":"category","embeddable":true,"href":"https:\/\/informacionlocal.es\/de\/wp-json\/wp\/v2\/categories?post=2927"},{"taxonomy":"post_tag","embeddable":true,"href":"https:\/\/informacionlocal.es\/de\/wp-json\/wp\/v2\/tags?post=2927"}],"curies":[{"name":"wp","href":"https:\/\/api.w.org\/{rel}","templated":true}]}}