{"id":2916,"date":"2025-05-03T14:28:58","date_gmt":"2025-05-03T14:28:58","guid":{"rendered":"https:\/\/informacionlocal.es\/die-beerdigung-von-s-h-papst-franziskus-auf-fuerteventura-findet-diesen-montag-in-antigua-statt\/"},"modified":"2025-05-03T14:28:58","modified_gmt":"2025-05-03T14:28:58","slug":"die-beerdigung-von-s-h-papst-franziskus-auf-fuerteventura-findet-diesen-montag-in-antigua-statt","status":"publish","type":"post","link":"https:\/\/informacionlocal.es\/de\/die-beerdigung-von-s-h-papst-franziskus-auf-fuerteventura-findet-diesen-montag-in-antigua-statt\/","title":{"rendered":"Die Beerdigung von S.H. Papst Franziskus auf Fuerteventura findet diesen Montag in Antigua statt."},"content":{"rendered":"<div class=\"elementor-widget-container\">\n<p><strong>Die Beerdigung von S.H. Papst Franziskus auf Fuerteventura findet diesen Montag in Antigua statt.<\/strong><\/p>\n<p><strong>&#8211; Antigua arbeitet mit dem Erzpriestertum von Fuerteventura bei den Vorbereitungen f\u00fcr die Organisation des Begr\u00e4bnisses Seiner Heiligkeit Papst Franziskus zusammen.  <\/strong><br \/><strong>&#8211; Der Bischof der Di\u00f6zese der Kanarischen Inseln, D. Jos\u00e9 Mazuelos P\u00e9rez, wird am Montag, dem 5. Mai, um 19.00 Uhr in der Pfarrkirche von Antigua der Totenmesse vorstehen.<\/strong><\/p>\n<p>Das Rathaus von Antigua arbeitet bei allem mit, was die Di\u00f6zese der Kanarischen Inseln f\u00fcr die Organisation dieses feierlichen Gottesdienstes ben\u00f6tigt, sagt der B\u00fcrgermeister Mat\u00edas Pe\u00f1a. Es sei eine Ehre, dass die Kirche Unserer Lieben Frau von Antigua, unsere bescheidene Pfarrei, ausgew\u00e4hlt wurde, um die Trauermesse f\u00fcr die ewige Ruhe Seiner Heiligkeit Papst Franziskus auf Fuerteventura zu feiern.<\/p>\n<p>Wir werden, wie wir es immer getan haben, so der B\u00fcrgermeister von Antigua, mit unserem Pfarrer Heriberto Mart\u00edn Molina und dem Erzpriester von Fuerteventura, D. Aday Josu\u00e9 Garc\u00eda Jim\u00e9nez, zusammenarbeiten, um den Bischof der Di\u00f6zese der Kanarischen Inseln, D. Jos\u00e9 Mazuelos P\u00e9rez, zu empfangen, der der Trauermesse vorstehen wird.<\/p>\n<p>Die Trauermesse auf Fuerteventura oder Eucharistiefeier f\u00fcr den Papst, Seine Heiligkeit Papst Franziskus, findet am Montag, den 5. Mai um 19:00 Uhr in der Kirche Nuestra Se\u00f1ora de La Antigua statt.<\/p>\n<\/p>\n<\/div>\n","protected":false},"excerpt":{"rendered":"<p><strong>Die Beerdigung von S.H. Papst Franziskus auf Fuerteventura findet diesen Montag in Antigua statt.<\/strong><\/p>\n","protected":false},"author":1,"featured_media":2912,"comment_status":"open","ping_status":"open","sticky":false,"template":"","format":"standard","meta":{"inline_featured_image":false,"jnews-multi-image_gallery":[],"jnews_single_post":[],"jnews_primary_category":[],"jnews_social_meta":[],"jnews_override_counter":[],"jnews_post_split":[],"footnotes":""},"categories":[283],"tags":[216],"class_list":["post-2916","post","type-post","status-publish","format-standard","has-post-thumbnail","hentry","category-antigua-de","tag-fuerteventura-de"],"jetpack_featured_media_url":"https:\/\/informacionlocal.es\/wp-content\/uploads\/2025\/05\/funeral-por-ss-el-papa-francisco-en-fuerteventura.jpg","_links":{"self":[{"href":"https:\/\/informacionlocal.es\/de\/wp-json\/wp\/v2\/posts\/2916","targetHints":{"allow":["GET"]}}],"collection":[{"href":"https:\/\/informacionlocal.es\/de\/wp-json\/wp\/v2\/posts"}],"about":[{"href":"https:\/\/informacionlocal.es\/de\/wp-json\/wp\/v2\/types\/post"}],"author":[{"embeddable":true,"href":"https:\/\/informacionlocal.es\/de\/wp-json\/wp\/v2\/users\/1"}],"replies":[{"embeddable":true,"href":"https:\/\/informacionlocal.es\/de\/wp-json\/wp\/v2\/comments?post=2916"}],"version-history":[{"count":0,"href":"https:\/\/informacionlocal.es\/de\/wp-json\/wp\/v2\/posts\/2916\/revisions"}],"wp:featuredmedia":[{"embeddable":true,"href":"https:\/\/informacionlocal.es\/de\/wp-json\/wp\/v2\/media\/2912"}],"wp:attachment":[{"href":"https:\/\/informacionlocal.es\/de\/wp-json\/wp\/v2\/media?parent=2916"}],"wp:term":[{"taxonomy":"category","embeddable":true,"href":"https:\/\/informacionlocal.es\/de\/wp-json\/wp\/v2\/categories?post=2916"},{"taxonomy":"post_tag","embeddable":true,"href":"https:\/\/informacionlocal.es\/de\/wp-json\/wp\/v2\/tags?post=2916"}],"curies":[{"name":"wp","href":"https:\/\/api.w.org\/{rel}","templated":true}]}}