{"id":2903,"date":"2025-05-03T13:31:41","date_gmt":"2025-05-03T13:31:41","guid":{"rendered":"https:\/\/informacionlocal.es\/eine-amuesante-und-vollstaendige-reise-durch-die-geschichte-des-ausrufers-juan-pena-bildet-den-auftakt-zu-den-feierlichkeiten-von-triquivijate\/"},"modified":"2025-05-03T13:31:41","modified_gmt":"2025-05-03T13:31:41","slug":"eine-amuesante-und-vollstaendige-reise-durch-die-geschichte-des-ausrufers-juan-pena-bildet-den-auftakt-zu-den-feierlichkeiten-von-triquivijate","status":"publish","type":"post","link":"https:\/\/informacionlocal.es\/de\/eine-amuesante-und-vollstaendige-reise-durch-die-geschichte-des-ausrufers-juan-pena-bildet-den-auftakt-zu-den-feierlichkeiten-von-triquivijate\/","title":{"rendered":"Eine am\u00fcsante und vollst\u00e4ndige Reise durch die Geschichte des Ausrufers Juan Pe\u00f1a bildet den Auftakt zu den Feierlichkeiten von Triquivijate."},"content":{"rendered":"<div class=\"elementor-widget-container\">\n<p><strong>Eine am\u00fcsante und vollst\u00e4ndige Reise durch die Geschichte des Ausrufers Juan Pe\u00f1a bildet den Auftakt zu den Feierlichkeiten von Triquivijate.<\/strong><\/p>\n<p><strong>&#8211; Eine Proklamation, die mit Anekdoten \u00fcber den Milit\u00e4rdienst, die Feste und die alte Schule in Triquivijate alle zum Lachen brachte.<\/strong><\/p>\n<p>Die Fiestas von Triquivijate zu Ehren von San Isidro Labrador und Santa Mar\u00eda de La Cabeza begannen am Freitagabend mit der Er\u00f6ffnungsrede des bekannten Einheimischen und Parrandero-Musikers Juan Pe\u00f1a Cedr\u00e9s.<\/p>\n<p>Der B\u00fcrgermeister Mat\u00edas Pe\u00f1a und der Stadtrat f\u00fcr Festlichkeiten, Pedro Armas, dankten dem Ausrufer, seiner Frau und der ganzen Familie Pe\u00f1a Cedr\u00e9s f\u00fcr ihre Anwesenheit und ihr Engagement f\u00fcr die Feste von Triquivijate, von denen der Ausrufer mehr als eine Anekdote erz\u00e4hlte, sowie von seiner Zeit beim Milit\u00e4r, was das Publikum zum Lachen und zum Beifall brachte, mit einem engen und vertrauten Publikum von Einwohnern des Dorfes und der Gemeinde.<\/p>\n<p>Die Fiestas de Triquivijate feiern an diesem Samstagnachmittag La Romer\u00eda und werden auf dem Hauptplatz des Dorfes mit einem Taifa-Tanz und Verbena mit der Rondalla des Centro de Mayores de Antigua, der Parranda Juan Pe\u00f1a, sowie Laly Lean und der Gruppe N&#8217;Klave empfangen.<\/p>\n<p>Die Fiestas werden in der n\u00e4chsten Woche mit Auff\u00fchrungen, Meisterkursen, Turnieren und Darbietungen fortgesetzt und umfassen ein Wochenende mit Verbenas und Kinderfesten.<\/p>\n<\/div>\n","protected":false},"excerpt":{"rendered":"<p><strong>Eine am\u00fcsante und vollst\u00e4ndige Reise durch die Geschichte des Ausrufers Juan Pe\u00f1a bildet den Auftakt zu den Feierlichkeiten von Triquivijate.<\/strong><\/p>\n","protected":false},"author":1,"featured_media":2900,"comment_status":"open","ping_status":"open","sticky":false,"template":"","format":"standard","meta":{"inline_featured_image":false,"jnews-multi-image_gallery":[],"jnews_single_post":[],"jnews_primary_category":[],"jnews_social_meta":[],"jnews_override_counter":[],"jnews_post_split":[],"footnotes":""},"categories":[283],"tags":[],"class_list":["post-2903","post","type-post","status-publish","format-standard","has-post-thumbnail","hentry","category-antigua-de"],"jetpack_featured_media_url":"https:\/\/informacionlocal.es\/wp-content\/uploads\/2025\/05\/un-divertido-recorrido-por-la-historia-del-pregonero-juan-pena-inicia-las-fiestas-de-triquivijate-1-scaled-1.jpg","_links":{"self":[{"href":"https:\/\/informacionlocal.es\/de\/wp-json\/wp\/v2\/posts\/2903","targetHints":{"allow":["GET"]}}],"collection":[{"href":"https:\/\/informacionlocal.es\/de\/wp-json\/wp\/v2\/posts"}],"about":[{"href":"https:\/\/informacionlocal.es\/de\/wp-json\/wp\/v2\/types\/post"}],"author":[{"embeddable":true,"href":"https:\/\/informacionlocal.es\/de\/wp-json\/wp\/v2\/users\/1"}],"replies":[{"embeddable":true,"href":"https:\/\/informacionlocal.es\/de\/wp-json\/wp\/v2\/comments?post=2903"}],"version-history":[{"count":0,"href":"https:\/\/informacionlocal.es\/de\/wp-json\/wp\/v2\/posts\/2903\/revisions"}],"wp:featuredmedia":[{"embeddable":true,"href":"https:\/\/informacionlocal.es\/de\/wp-json\/wp\/v2\/media\/2900"}],"wp:attachment":[{"href":"https:\/\/informacionlocal.es\/de\/wp-json\/wp\/v2\/media?parent=2903"}],"wp:term":[{"taxonomy":"category","embeddable":true,"href":"https:\/\/informacionlocal.es\/de\/wp-json\/wp\/v2\/categories?post=2903"},{"taxonomy":"post_tag","embeddable":true,"href":"https:\/\/informacionlocal.es\/de\/wp-json\/wp\/v2\/tags?post=2903"}],"curies":[{"name":"wp","href":"https:\/\/api.w.org\/{rel}","templated":true}]}}