{"id":2891,"date":"2025-05-02T13:10:13","date_gmt":"2025-05-02T13:10:13","guid":{"rendered":"https:\/\/informacionlocal.es\/samstag-mit-kunsthandwerk-und-volkstuemlichen-darbietungen-auf-der-36-inselmesse-fuer-kunsthandwerk\/"},"modified":"2025-05-02T13:10:13","modified_gmt":"2025-05-02T13:10:13","slug":"samstag-mit-kunsthandwerk-und-volkstuemlichen-darbietungen-auf-der-36-inselmesse-fuer-kunsthandwerk","status":"publish","type":"post","link":"https:\/\/informacionlocal.es\/de\/samstag-mit-kunsthandwerk-und-volkstuemlichen-darbietungen-auf-der-36-inselmesse-fuer-kunsthandwerk\/","title":{"rendered":"Samstag mit Kunsthandwerk und volkst\u00fcmlichen Darbietungen auf der 36. Inselmesse f\u00fcr Kunsthandwerk"},"content":{"rendered":"<div class=\"elementor-widget-container\">\n<p><strong>Samstag mit Kunsthandwerk und volkst\u00fcmlichen Darbietungen auf der 36. Inselmesse f\u00fcr Kunsthandwerk<\/strong><\/p>\n<p><strong>&#8211; An diesem Samstag werden neben rund 200 Kunsthandwerkern aus allen Teilen der Kanarischen Inseln auch Vorf\u00fchrungen von Schulen und Folkloregruppen aus den Gemeinden der Insel zu sehen sein.<\/strong><\/p>\n<p><strong>&#8211; Silvestre Ram\u00edrez bietet um 13:00 Uhr ein Konzert mit dem Quartett der Solisten Ciro Corujo, Pedro Manuel Afonso und Mariv\u00ed Cabo.<\/strong><\/p>\n<p><strong>&#8211; Diesen Samstagabend um 18:00 Uhr, Paco Perera im Konzert mit Nuevo folklore canario und am Sonntag, Los Gofiones um 12:30 Uhr.<\/strong><\/p>\n<p>Kanarische Musik begleitet die fast 200 anwesenden Kunsthandwerker und Protagonisten der XXXVI. Feria Insular de Artesan\u00eda Fuerteventura, ein kanarisches Festival mit einem umfangreichen Programm voller musikalischer Attraktionen, Ausstellungen, Workshops und Auff\u00fchrungen f\u00fcr alle, die es besuchen, so der Stadtrat f\u00fcr Kultur Jonathan Pe\u00f1a.<\/p>\n<p>An diesem Samstag, dem 3. Mai, k\u00f6nnen wir ab 11:00 Uhr den Auftritt der Bandita und des Holzbl\u00e4serquintetts der Schule f\u00fcr Musik und Tanz von P\u00e1jara genie\u00dfen, gefolgt von der Agrupaci\u00f3n Folkl\u00f3rika Maxorata, der Escuela Insular de Folklore und dem Chor der Escuela Insular de M\u00fasica. Um 13:00 Uhr das Konzert von Silvestre Ram\u00edrez mit dem Quartett der Solisten Ciro Corujo, Pedro Manuel Afonso und Mariv\u00ed Cano. <\/p>\n<p>Am Abend um 18:00 Uhr wird Paco Perera auf der B\u00fchne stehen und ein Konzert mit neu-kanarischer Folklore geben. Der Abend endet mit einer Tanzvorf\u00fchrung der Akademie Entresiluetas.<\/p>\n<p>Musik, Workshops und Auff\u00fchrungen sind Attraktionen, die wir anbieten, um das Wochenende auf dem Platz von Antigua zu genie\u00dfen und mit unserer Anwesenheit und unseren Eink\u00e4ufen die Kontinuit\u00e4t der Handwerkskunst in den mehr als 30 verschiedenen Berufen zu unterst\u00fctzen, die wir hier genie\u00dfen k\u00f6nnen, sagt der B\u00fcrgermeister Matias Pe\u00f1a.<\/p>\n<\/div>\n","protected":false},"excerpt":{"rendered":"<p><strong>Samstag mit handwerklichen und folkloristischen Darbietungen auf der 36. Island Crafts Fair<\/strong><\/p>\n","protected":false},"author":1,"featured_media":2888,"comment_status":"open","ping_status":"open","sticky":false,"template":"","format":"standard","meta":{"inline_featured_image":false,"jnews-multi-image_gallery":[],"jnews_single_post":[],"jnews_primary_category":[],"jnews_social_meta":[],"jnews_override_counter":[],"jnews_post_split":[],"footnotes":""},"categories":[283],"tags":[216],"class_list":["post-2891","post","type-post","status-publish","format-standard","has-post-thumbnail","hentry","category-antigua-de","tag-fuerteventura-de"],"jetpack_featured_media_url":"https:\/\/informacionlocal.es\/wp-content\/uploads\/2025\/05\/cuarteto-feria-artesania-scaled-1.jpg","_links":{"self":[{"href":"https:\/\/informacionlocal.es\/de\/wp-json\/wp\/v2\/posts\/2891","targetHints":{"allow":["GET"]}}],"collection":[{"href":"https:\/\/informacionlocal.es\/de\/wp-json\/wp\/v2\/posts"}],"about":[{"href":"https:\/\/informacionlocal.es\/de\/wp-json\/wp\/v2\/types\/post"}],"author":[{"embeddable":true,"href":"https:\/\/informacionlocal.es\/de\/wp-json\/wp\/v2\/users\/1"}],"replies":[{"embeddable":true,"href":"https:\/\/informacionlocal.es\/de\/wp-json\/wp\/v2\/comments?post=2891"}],"version-history":[{"count":0,"href":"https:\/\/informacionlocal.es\/de\/wp-json\/wp\/v2\/posts\/2891\/revisions"}],"wp:featuredmedia":[{"embeddable":true,"href":"https:\/\/informacionlocal.es\/de\/wp-json\/wp\/v2\/media\/2888"}],"wp:attachment":[{"href":"https:\/\/informacionlocal.es\/de\/wp-json\/wp\/v2\/media?parent=2891"}],"wp:term":[{"taxonomy":"category","embeddable":true,"href":"https:\/\/informacionlocal.es\/de\/wp-json\/wp\/v2\/categories?post=2891"},{"taxonomy":"post_tag","embeddable":true,"href":"https:\/\/informacionlocal.es\/de\/wp-json\/wp\/v2\/tags?post=2891"}],"curies":[{"name":"wp","href":"https:\/\/api.w.org\/{rel}","templated":true}]}}