{"id":2880,"date":"2025-05-02T12:17:08","date_gmt":"2025-05-02T12:17:08","guid":{"rendered":"https:\/\/informacionlocal.es\/in-sechs-werkstaetten-vermitteln-handwerker-und-handwerkerinnen-die-grundlegenden-techniken-ihres-handwerks\/"},"modified":"2025-05-02T12:17:08","modified_gmt":"2025-05-02T12:17:08","slug":"in-sechs-werkstaetten-vermitteln-handwerker-und-handwerkerinnen-die-grundlegenden-techniken-ihres-handwerks","status":"publish","type":"post","link":"https:\/\/informacionlocal.es\/de\/in-sechs-werkstaetten-vermitteln-handwerker-und-handwerkerinnen-die-grundlegenden-techniken-ihres-handwerks\/","title":{"rendered":"In sechs Werkst\u00e4tten vermitteln Handwerker und Handwerkerinnen die grundlegenden Techniken ihres Handwerks."},"content":{"rendered":"<div class=\"elementor-widget-container\">\n<p><strong>In sechs Werkst\u00e4tten vermitteln Handwerker und Handwerkerinnen die grundlegenden Techniken ihres Handwerks.<\/strong><\/p>\n<p><strong>&#8211; An allen Messetagen k\u00f6nnen Jung und Alt an Handwerksworkshops zu Makramee, Ton, Lederwaren und Textildekoration teilnehmen.  <\/strong><br \/><strong>&#8211; Die Organisation erinnert daran, dass f\u00fcr jeden Einkauf auf der Insularen Handwerksmesse ein Los f\u00fcr die Verlosung eines gr\u00f6\u00dferen Einkaufs auf der gleichen Messe vergeben wird.<\/strong><\/p>\n<p>Die 36. Insulanische Handwerksmesse bietet an allen Festtagen offene und kostenlose Handwerks-Workshops an, in denen dieselben Kunsthandwerkerinnen und Kunsthandwerker Grundtechniken des Handwerks wie Makramee lehren, bei denen man lernt, Seile und F\u00e4den zu Knoten zu verbinden, um Armb\u00e4nder oder Aufh\u00e4nger herzustellen, Sie k\u00f6nnen auch lernen, die verschiedenen Texturen von Ton zu unterscheiden und herauszufinden, welche f\u00fcr das eine oder andere St\u00fcck am besten geeignet ist, oder Sie k\u00f6nnen sich am Dekorieren und F\u00e4rben von Stoffen erfreuen, um Ihre eigenen T-Shirts zu entwerfen, und Sie k\u00f6nnen auch mit Leder arbeiten, um Armb\u00e4nder, Geldb\u00f6rsen und sogar Ledertaschen herzustellen.<\/p>\n<p>Der B\u00fcrgermeister von Antigua begl\u00fcckw\u00fcnscht die Kunsthandwerkerinnen und Kunsthandwerker nicht nur f\u00fcr die Qualit\u00e4t der ausgestellten Arbeiten, sondern auch f\u00fcr die Gestaltung und Dekoration der St\u00e4nde, die viele von ihnen in Werkst\u00e4tten verwandeln, um zu verstehen, was ihr Handwerk ausmacht und wie schwierig es ist.<\/p>\n<p>Bei dieser Gelegenheit begl\u00fcckw\u00fcnschte der B\u00fcrgermeister Mat\u00edas Pe\u00f1a alle teilnehmenden Gemeinden sowie das Cabildo von Gran Canaria und Fuerteventura und hob ihre Pr\u00e4senz im Zelt der Institutionen hervor, mit spektakul\u00e4ren Designs, die die Tradition und die charakteristischen Perlenarbeiten in jedem kanarischen Haus zeigen.<\/p>\n<p>Der Stadtrat f\u00fcr Kultur ermutigt die Besucher, die Feria Insular de Artesan\u00eda zu besuchen, die das beste kanarische Kunsthandwerk, ein Programm mit attraktiven Aktivit\u00e4ten und Konzerten bietet, und Jonathan Pe\u00f1a f\u00fcgt hinzu, dass dies alles ein sonniges und fr\u00fchlingshaftes Wochenende ist, das man mit der Familie genie\u00dfen kann.<\/p>\n<p>Die Pr\u00e4sidentin der Stiftung Colectivo Mafasca, Nereida Brito, erinnert daran, dass man f\u00fcr jeden Einkauf ein Los erh\u00e4lt, mit dem man an der Verlosung eines bedeutenden Kunsthandwerkskaufs auf der Insularen Kunsthandwerksmesse teilnehmen kann.<\/p>\n<\/p>\n<\/div>\n","protected":false},"excerpt":{"rendered":"<p><strong>In sechs Werkst\u00e4tten vermitteln Handwerker und Handwerkerinnen die grundlegenden Techniken ihres Handwerks.<\/strong><\/p>\n","protected":false},"author":1,"featured_media":2876,"comment_status":"open","ping_status":"open","sticky":false,"template":"","format":"standard","meta":{"inline_featured_image":false,"jnews-multi-image_gallery":[],"jnews_single_post":[],"jnews_primary_category":[],"jnews_social_meta":[],"jnews_override_counter":[],"jnews_post_split":[],"footnotes":""},"categories":[283],"tags":[216],"class_list":["post-2880","post","type-post","status-publish","format-standard","has-post-thumbnail","hentry","category-antigua-de","tag-fuerteventura-de"],"jetpack_featured_media_url":"https:\/\/informacionlocal.es\/wp-content\/uploads\/2025\/05\/alcalde-y-concejal-en-la-feria-insular-de-artesania-scaled-1.jpg","_links":{"self":[{"href":"https:\/\/informacionlocal.es\/de\/wp-json\/wp\/v2\/posts\/2880","targetHints":{"allow":["GET"]}}],"collection":[{"href":"https:\/\/informacionlocal.es\/de\/wp-json\/wp\/v2\/posts"}],"about":[{"href":"https:\/\/informacionlocal.es\/de\/wp-json\/wp\/v2\/types\/post"}],"author":[{"embeddable":true,"href":"https:\/\/informacionlocal.es\/de\/wp-json\/wp\/v2\/users\/1"}],"replies":[{"embeddable":true,"href":"https:\/\/informacionlocal.es\/de\/wp-json\/wp\/v2\/comments?post=2880"}],"version-history":[{"count":0,"href":"https:\/\/informacionlocal.es\/de\/wp-json\/wp\/v2\/posts\/2880\/revisions"}],"wp:featuredmedia":[{"embeddable":true,"href":"https:\/\/informacionlocal.es\/de\/wp-json\/wp\/v2\/media\/2876"}],"wp:attachment":[{"href":"https:\/\/informacionlocal.es\/de\/wp-json\/wp\/v2\/media?parent=2880"}],"wp:term":[{"taxonomy":"category","embeddable":true,"href":"https:\/\/informacionlocal.es\/de\/wp-json\/wp\/v2\/categories?post=2880"},{"taxonomy":"post_tag","embeddable":true,"href":"https:\/\/informacionlocal.es\/de\/wp-json\/wp\/v2\/tags?post=2880"}],"curies":[{"name":"wp","href":"https:\/\/api.w.org\/{rel}","templated":true}]}}