{"id":2867,"date":"2025-05-02T11:48:08","date_gmt":"2025-05-02T11:48:08","guid":{"rendered":"https:\/\/informacionlocal.es\/die-staedtische-impfkampagne-zur-identifizierung-von-tieren-findet-diesen-samstag-in-caleta-de-fuste-und-los-alares-statt\/"},"modified":"2025-05-02T11:48:08","modified_gmt":"2025-05-02T11:48:08","slug":"die-staedtische-impfkampagne-zur-identifizierung-von-tieren-findet-diesen-samstag-in-caleta-de-fuste-und-los-alares-statt","status":"publish","type":"post","link":"https:\/\/informacionlocal.es\/de\/die-staedtische-impfkampagne-zur-identifizierung-von-tieren-findet-diesen-samstag-in-caleta-de-fuste-und-los-alares-statt\/","title":{"rendered":"Die st\u00e4dtische Impfkampagne zur Identifizierung von Tieren findet diesen Samstag in Caleta de Fuste und Los Alares statt."},"content":{"rendered":"<div class=\"elementor-widget-container\">\n<p><strong>Die st\u00e4dtische Impfkampagne zur Identifizierung von Tieren findet diesen Samstag in Caleta de Fuste und Los Alares statt.<\/strong><\/p>\n<p><strong>&#8211; Die st\u00e4dtische Kampagne, die im April begann, wird diesen Samstag, den 3. Mai, in den Kulturzentren Caleta de Fuste von 09:00 bis 13:00 Uhr und Los Alares von 16:00 bis 20:00 Uhr fortgesetzt.  <\/strong><br \/><strong>&#8211; Die Kosten f\u00fcr die Identifizierung betragen 15 Euro und f\u00fcr die Impfung 5 Euro.<\/strong><\/p>\n<p>Das Gesundheitsamt der Stadt Antigua setzt die Kampagne zur Identifizierung und Impfung gegen Tollwut fort, um es den Tierhaltern in der Gemeinde zu erleichtern, so B\u00fcrgermeister Mat\u00edas Pe\u00f1a, die Vorschriften einzuhalten, um Reisen zu vermeiden und die Kosten f\u00fcr beide Ma\u00dfnahmen zu senken.<\/p>\n<p>Die Stadtr\u00e4tin f\u00fcr Gesundheit, Lucila G. Ruiz, erinnert uns daran, dass an diesem Samstag, dem 3. Mai, in den Kulturzentren von Caleta de Fuste vormittags von 09:00 bis 13:00 Uhr und nachmittags in Los Alares von 16:00 bis 20:00 Uhr die Kosten f\u00fcr die Identifizierung 15 Euro und f\u00fcr die Impfung 5 Euro betragen werden.<\/p>\n<p>Die Stadtr\u00e4tin weist darauf hin, dass sich diese j\u00e4hrliche Kampagne der Gemeinde an die Tiere richtet, die in Antigua registriert sind oder deren Besitzer in dieser Gemeinde gemeldet sind, so Ruiz.<\/p>\n<p>Die Impf- und Identifizierungskampagne in der Gemeinde Antigua endet am 10. Mai, vormittags in der Landschule von El Durazno in Antigua und nachmittags im Kulturzentrum von Casillas de Morales.<\/p>\n<\/p>\n<\/div>\n","protected":false},"excerpt":{"rendered":"<p><strong>Die st\u00e4dtische Impfkampagne zur Identifizierung von Tieren findet diesen Samstag in Caleta de Fuste und Los Alares statt.<\/strong><\/p>\n","protected":false},"author":1,"featured_media":2864,"comment_status":"open","ping_status":"open","sticky":false,"template":"","format":"standard","meta":{"inline_featured_image":false,"jnews-multi-image_gallery":[],"jnews_single_post":[],"jnews_primary_category":[],"jnews_social_meta":[],"jnews_override_counter":[],"jnews_post_split":[],"footnotes":""},"categories":[283],"tags":[277],"class_list":["post-2867","post","type-post","status-publish","format-standard","has-post-thumbnail","hentry","category-antigua-de","tag-gesundheit"],"jetpack_featured_media_url":"https:\/\/informacionlocal.es\/wp-content\/uploads\/2025\/05\/antigua-anuncia-la-identificacion-y-vacunacion-antirrabica.jpg","_links":{"self":[{"href":"https:\/\/informacionlocal.es\/de\/wp-json\/wp\/v2\/posts\/2867","targetHints":{"allow":["GET"]}}],"collection":[{"href":"https:\/\/informacionlocal.es\/de\/wp-json\/wp\/v2\/posts"}],"about":[{"href":"https:\/\/informacionlocal.es\/de\/wp-json\/wp\/v2\/types\/post"}],"author":[{"embeddable":true,"href":"https:\/\/informacionlocal.es\/de\/wp-json\/wp\/v2\/users\/1"}],"replies":[{"embeddable":true,"href":"https:\/\/informacionlocal.es\/de\/wp-json\/wp\/v2\/comments?post=2867"}],"version-history":[{"count":0,"href":"https:\/\/informacionlocal.es\/de\/wp-json\/wp\/v2\/posts\/2867\/revisions"}],"wp:featuredmedia":[{"embeddable":true,"href":"https:\/\/informacionlocal.es\/de\/wp-json\/wp\/v2\/media\/2864"}],"wp:attachment":[{"href":"https:\/\/informacionlocal.es\/de\/wp-json\/wp\/v2\/media?parent=2867"}],"wp:term":[{"taxonomy":"category","embeddable":true,"href":"https:\/\/informacionlocal.es\/de\/wp-json\/wp\/v2\/categories?post=2867"},{"taxonomy":"post_tag","embeddable":true,"href":"https:\/\/informacionlocal.es\/de\/wp-json\/wp\/v2\/tags?post=2867"}],"curies":[{"name":"wp","href":"https:\/\/api.w.org\/{rel}","templated":true}]}}