{"id":2856,"date":"2025-05-02T09:33:55","date_gmt":"2025-05-02T09:33:55","guid":{"rendered":"https:\/\/informacionlocal.es\/ehemaliger-pionier-des-yogaunterrichts-in-silla\/"},"modified":"2025-05-02T09:33:55","modified_gmt":"2025-05-02T09:33:55","slug":"ehemaliger-pionier-des-yogaunterrichts-in-silla","status":"publish","type":"post","link":"https:\/\/informacionlocal.es\/de\/ehemaliger-pionier-des-yogaunterrichts-in-silla\/","title":{"rendered":"Ehemaliger Pionier des Yogaunterrichts in Silla"},"content":{"rendered":"<div class=\"elementor-widget-container\">\n<p><strong>Ehemaliger Pionier des Yogaunterrichts in Silla<\/strong><\/p>\n<p><strong>&#8211; Vorteile f\u00fcr eine bessere Gesundheit, ein besseres Herz und eine bessere Lebensperspektive.  <\/strong><br \/><strong>&#8211; Menschen \u00fcber 60 oder Menschen mit eingeschr\u00e4nkter Mobilit\u00e4t machen \u00dcbungen, die das Herz st\u00e4rken, die Lungen erweitern, den Nacken, den R\u00fccken und die Gelenke dehnen.  <\/strong><br \/><strong>&#8211; Die Kurse sind kostenlos und finden mittwochs zu zwei verschiedenen Zeiten statt: von 17:00 bis 18:30 Uhr und von 18:45 bis 20:15 Uhr im Antigua Seniorenzentrum.  <\/strong><br \/><strong>&#8211; Die Anmeldung ist bis zum Erreichen der vollen Kapazit\u00e4t m\u00f6glich.<\/strong><\/p>\n<p>Angesichts des Erfolgs der ersten Ausgabe im vergangenen Jahr organisiert die Abteilung f\u00fcr soziale Dienste der Stadtverwaltung von Antigua bis zu zwei Yogagruppen in Silla, um allen Anfragen gerecht zu werden und die M\u00f6glichkeit zu erweitern, dass sich noch mehr Interessierte anmelden k\u00f6nnen, erkl\u00e4rt die Stadtr\u00e4tin des Gebiets, Am\u00e9rica Soto Betancor.<\/p>\n<p>Der B\u00fcrgermeister Mat\u00edas Pe\u00f1a Garc\u00eda und der Stadtrat begr\u00fc\u00dften die Teilnehmer und dankten der Therapeutin Rosa Guerrero, einer Pionierin im Unterrichten von Chair Yoga auf der Insel und Expertin f\u00fcr die \u00dcbungen, Praktiken und einfachen Routinen, die den K\u00f6rper in guter Verfassung halten und f\u00fcr k\u00f6rperliche Beweglichkeit und Wohlbefinden im Leben sorgen, f\u00fcr ihre N\u00e4he und Professionalit\u00e4t.<\/p>\n<p>Der B\u00fcrgermeister begl\u00fcckw\u00fcnschte die Lehrerin zu ihrem Vorschlag und zu ihrer Initiative, die Teilnehmer einzuschreiben, denn obwohl sich die Kurse an Menschen ab 60 Jahren richten, sind es nicht die \u00c4lteren, die sich hier einschreiben, sondern diejenigen, die beschlie\u00dfen, in k\u00f6rperlicher und geistiger Gesundheit jung zu bleiben.<\/p>\n<p>Denken Sie daran, dass jeder Vorschlag, den Sie im Rathaus von Antigua machen, von der Stadtverwaltung umgesetzt und organisiert wird, denn Sie wissen, dass den \u00e4lteren Menschen in dieser Gemeinde nichts vorenthalten wird, so wie es sein sollte, schlie\u00dft der Stadtrat Mat\u00edas Pe\u00f1a.<\/p>\n<\/div>\n","protected":false},"excerpt":{"rendered":"<p><strong>Ehemaliger Pionier des Yogaunterrichts in Silla<\/strong><\/p>\n","protected":false},"author":1,"featured_media":2852,"comment_status":"open","ping_status":"open","sticky":false,"template":"","format":"standard","meta":{"inline_featured_image":false,"jnews-multi-image_gallery":[],"jnews_single_post":[],"jnews_primary_category":[],"jnews_social_meta":[],"jnews_override_counter":[],"jnews_post_split":[],"footnotes":""},"categories":[283],"tags":[],"class_list":["post-2856","post","type-post","status-publish","format-standard","has-post-thumbnail","hentry","category-antigua-de"],"jetpack_featured_media_url":"https:\/\/informacionlocal.es\/wp-content\/uploads\/2025\/05\/20250430_184634-scaled-1.jpg","_links":{"self":[{"href":"https:\/\/informacionlocal.es\/de\/wp-json\/wp\/v2\/posts\/2856","targetHints":{"allow":["GET"]}}],"collection":[{"href":"https:\/\/informacionlocal.es\/de\/wp-json\/wp\/v2\/posts"}],"about":[{"href":"https:\/\/informacionlocal.es\/de\/wp-json\/wp\/v2\/types\/post"}],"author":[{"embeddable":true,"href":"https:\/\/informacionlocal.es\/de\/wp-json\/wp\/v2\/users\/1"}],"replies":[{"embeddable":true,"href":"https:\/\/informacionlocal.es\/de\/wp-json\/wp\/v2\/comments?post=2856"}],"version-history":[{"count":0,"href":"https:\/\/informacionlocal.es\/de\/wp-json\/wp\/v2\/posts\/2856\/revisions"}],"wp:featuredmedia":[{"embeddable":true,"href":"https:\/\/informacionlocal.es\/de\/wp-json\/wp\/v2\/media\/2852"}],"wp:attachment":[{"href":"https:\/\/informacionlocal.es\/de\/wp-json\/wp\/v2\/media?parent=2856"}],"wp:term":[{"taxonomy":"category","embeddable":true,"href":"https:\/\/informacionlocal.es\/de\/wp-json\/wp\/v2\/categories?post=2856"},{"taxonomy":"post_tag","embeddable":true,"href":"https:\/\/informacionlocal.es\/de\/wp-json\/wp\/v2\/tags?post=2856"}],"curies":[{"name":"wp","href":"https:\/\/api.w.org\/{rel}","templated":true}]}}