{"id":2843,"date":"2025-05-02T01:15:45","date_gmt":"2025-05-02T01:15:45","guid":{"rendered":"https:\/\/informacionlocal.es\/die-kunsthandwerksmesse-der-insel-fuerteventura-2025-wird-eroeffnet\/"},"modified":"2025-05-02T01:15:45","modified_gmt":"2025-05-02T01:15:45","slug":"die-kunsthandwerksmesse-der-insel-fuerteventura-2025-wird-eroeffnet","status":"publish","type":"post","link":"https:\/\/informacionlocal.es\/de\/die-kunsthandwerksmesse-der-insel-fuerteventura-2025-wird-eroeffnet\/","title":{"rendered":"Die Kunsthandwerksmesse der Insel Fuerteventura 2025 wird er\u00f6ffnet"},"content":{"rendered":"<div class=\"elementor-widget-container\">\n<p><strong>Die Kunsthandwerksmesse der Insel Fuerteventura 2025 wird er\u00f6ffnet<\/strong><\/p>\n<p><strong>&#8211; Rund 200 Handwerkerinnen und Handwerker aus mehr als 30 verschiedenen Berufen.<\/strong><br \/><strong>&#8211; Neben den Attraktionen der Insularen Handwerksmesse gibt es auch einen Lebensmittelmarkt mit mehr als 30 St\u00e4nden, die Produkte aus dem Nullkilometerbereich anbieten.  <\/strong><br \/><strong>&#8211; Der B\u00fcrgermeister von Antigua und der Pr\u00e4sident des Mafasca-Kollektivs sagen eine gut besuchte Messe mit zahlreichen Verk\u00e4ufen voraus.<\/strong><\/p>\n<p>Die Kunsthandwerksmesse der Insel beginnt mit dem traditionellen Durchschneiden des Bandes durch den B\u00fcrgermeister von Antigua, Mat\u00edas Pe\u00f1a, die Pr\u00e4sidentin der Stiftung Colectivo Mafasca, Nereida Brito, die Pr\u00e4sidentin des Cabildo von Fuerteventura, Lola Garc\u00eda, die Inselr\u00e4tin f\u00fcr Kunsthandwerk, Lolina Negr\u00edn, und den Stadtrat f\u00fcr Kultur, Jonathan Pe\u00f1a.<\/p>\n<p>Wie jedes Jahr sind wir dankbar f\u00fcr die Anwesenheit der 180 Kunsthandwerkerinnen und Kunsthandwerker, die ihr bestes Werk und Kunsthandwerk von jeder der Kanarischen Inseln mitbringen, und wir sind dankbar f\u00fcr die Anwesenheit aller institutionellen Vertreter, die mit ihrer Anwesenheit dieses wichtige Kunsthandwerksevent f\u00fcr Fuerteventura und die Kanarischen Inseln unterst\u00fctzen, sagte der B\u00fcrgermeister von Antigua, Mat\u00edas Pe\u00f1a, der im Voraus der Kunsthandwerkerin Bianca Spartari gratulierte, die dieses Jahr den Premio Insular de Artesan\u00eda (Preis f\u00fcr Inselkunsthandwerk) erh\u00e4lt.<\/p>\n<p>Ich lade Sie ein, an dieser Kunsthandwerksmesse teilzunehmen und diesen Sektor mit dem Kauf eines oder mehrerer Kunsthandwerke zu unterst\u00fctzen&#8220;, f\u00fcgte Nereida Brito hinzu, &#8222;nehmen Sie an den Workshops f\u00fcr Makramee, Ton, Lederwaren oder Textildekoration teil und genie\u00dfen Sie das Vormittags- und Nachmittagsprogramm mit Folkloregruppen aus allen Gemeinden sowie die Konzerte von Silvestre Ram\u00edrez, Paco Perera und Los Gofiones.<\/p>\n<p>Die Vertreter der Organisation der insularen Handwerksmesse einigten sich abschlie\u00dfend auf einen Aufruf zur Aufmerksamkeit f\u00fcr traditionelle Berufe und die Notwendigkeit, die Kontinuit\u00e4t und die Zukunft der Berufe zu unterst\u00fctzen, die uns ausmachen und die wir mit Schulungen und Workshops, die den Handwerker unterst\u00fctzen und neue Lehrlinge hervorbringen, unterst\u00fctzen und f\u00f6rdern m\u00fcssen.<\/p>\n<p>Pr\u00e4sidentin Lola Garc\u00eda hob die starke Unterst\u00fctzung hervor, die das Cabildo von Fuerteventura in diesem Jahr f\u00fcr die Kunsthandwerksmesse der Insel geleistet hat, indem es den Betrag verdoppelt hat, der rechtzeitig gezahlt wird, um die Kosten einer so herausragenden Veranstaltung zu decken, die das Beste von jeder Insel zusammenbringt und nun schon zum sechsunddrei\u00dfigsten Mal stattfindet, und begl\u00fcckw\u00fcnschte abschlie\u00dfend, wie jedes Jahr, den Stadtrat von Antigua und das Mafasca-Kollektiv f\u00fcr das hervorragende Ergebnis, das ein Wochenende voller Folklore, Tradition und Kunsthandwerk bietet.<\/p>\n<\/div>\n","protected":false},"excerpt":{"rendered":"<p><strong>Die Kunsthandwerksmesse der Insel Fuerteventura 2025 wird er\u00f6ffnet<\/strong><\/p>\n","protected":false},"author":1,"featured_media":2840,"comment_status":"open","ping_status":"open","sticky":false,"template":"","format":"standard","meta":{"inline_featured_image":false,"jnews-multi-image_gallery":[],"jnews_single_post":[],"jnews_primary_category":[],"jnews_social_meta":[],"jnews_override_counter":[],"jnews_post_split":[],"footnotes":""},"categories":[283],"tags":[216],"class_list":["post-2843","post","type-post","status-publish","format-standard","has-post-thumbnail","hentry","category-antigua-de","tag-fuerteventura-de"],"jetpack_featured_media_url":"https:\/\/informacionlocal.es\/wp-content\/uploads\/2025\/05\/fia-25-1.jpg","_links":{"self":[{"href":"https:\/\/informacionlocal.es\/de\/wp-json\/wp\/v2\/posts\/2843","targetHints":{"allow":["GET"]}}],"collection":[{"href":"https:\/\/informacionlocal.es\/de\/wp-json\/wp\/v2\/posts"}],"about":[{"href":"https:\/\/informacionlocal.es\/de\/wp-json\/wp\/v2\/types\/post"}],"author":[{"embeddable":true,"href":"https:\/\/informacionlocal.es\/de\/wp-json\/wp\/v2\/users\/1"}],"replies":[{"embeddable":true,"href":"https:\/\/informacionlocal.es\/de\/wp-json\/wp\/v2\/comments?post=2843"}],"version-history":[{"count":0,"href":"https:\/\/informacionlocal.es\/de\/wp-json\/wp\/v2\/posts\/2843\/revisions"}],"wp:featuredmedia":[{"embeddable":true,"href":"https:\/\/informacionlocal.es\/de\/wp-json\/wp\/v2\/media\/2840"}],"wp:attachment":[{"href":"https:\/\/informacionlocal.es\/de\/wp-json\/wp\/v2\/media?parent=2843"}],"wp:term":[{"taxonomy":"category","embeddable":true,"href":"https:\/\/informacionlocal.es\/de\/wp-json\/wp\/v2\/categories?post=2843"},{"taxonomy":"post_tag","embeddable":true,"href":"https:\/\/informacionlocal.es\/de\/wp-json\/wp\/v2\/tags?post=2843"}],"curies":[{"name":"wp","href":"https:\/\/api.w.org\/{rel}","templated":true}]}}