{"id":2831,"date":"2025-05-01T13:54:02","date_gmt":"2025-05-01T13:54:02","guid":{"rendered":"https:\/\/informacionlocal.es\/tuineje-gratuliert-mas-ruines-que-cain-zu-ihrer-goldmedaille\/"},"modified":"2025-05-01T13:54:02","modified_gmt":"2025-05-01T13:54:02","slug":"tuineje-gratuliert-mas-ruines-que-cain-zu-ihrer-goldmedaille","status":"publish","type":"post","link":"https:\/\/informacionlocal.es\/de\/tuineje-gratuliert-mas-ruines-que-cain-zu-ihrer-goldmedaille\/","title":{"rendered":"Tuineje gratuliert M\u00e1s Ruines Que Ca\u00edn zu ihrer Goldmedaille."},"content":{"rendered":"<div class=\"article-content-inner\">\n<h2 class=\"wp-block-heading\">Das Kulturkollektiv wurde f\u00fcr seine Arbeit zum Schutz des kulturellen Erbes von Tuineje und Fuerteventura ausgezeichnet.<\/h2>\n<p>Der Stadtrat von Tuineje begl\u00fcckw\u00fcnscht die Asociaci\u00f3n Sociocultural M\u00e1s Ruines Que Ca\u00edn zur Verleihung der <strong>Goldmedaille der Kanarischen Inseln 2025<\/strong>, eine Auszeichnung, die von der Regierung der Kanarischen Inseln f\u00fcr ihre wertvolle Arbeit zum Schutz und zur F\u00f6rderung des kulturellen und historischen Erbes der Gemeinde Tuineje und der gesamten Insel Fuerteventura verliehen wird.<\/p>\n<p>Die Asociaci\u00f3n M\u00e1s Ruines Que Ca\u00edn erh\u00e4lt diese Auszeichnung f\u00fcr ihr st\u00e4ndiges Engagement f\u00fcr die lokale Kultur, insbesondere f\u00fcr ihre j\u00e4hrliche Auff\u00fchrung des St\u00fccks <em>El Bien y el Mal<\/em>, das zum Kulturgut erkl\u00e4rt wurde, sowie f\u00fcr ihre grundlegende Rolle bei der Wiederbelebung der Semana Santa von Tuineje und bei zahlreichen Initiativen, die die Traditionen und die Identit\u00e4t der Gemeinde retten und aufwerten. All dies ist dank der kollektiven Anstrengungen seiner Mitglieder, der Beteiligung von Freiwilligen und der Unterst\u00fctzung der Gemeinde m\u00f6glich. <\/p>\n<h2 class=\"wp-block-heading\">Engagement f\u00fcr Kultur und Ged\u00e4chtnis<\/h2>\n<p><strong>Der Beigeordnete f\u00fcr Kultur der Stadt Tuineje, Duce Garc\u00eda<\/strong>, sagte:<br \/><em>&#8222;Diese Anerkennung ist eine Quelle des Stolzes f\u00fcr die gesamte Gemeinde. M\u00e1s Ruines Que Ca\u00edn hat es geschafft, neue Generationen durch Kunst und B\u00fcrgerbeteiligung mit unseren Wurzeln und Traditionen zu verbinden. Seine Leidenschaft und sein Engagement f\u00fcr die Majorero-Kultur sind ein Beispiel f\u00fcr uns alle&#8220;.<\/em><\/p>\n<p><strong>Die B\u00fcrgermeisterin von Tuineje, Candelaria Umpi\u00e9rrez<\/strong>, hob ihrerseits hervor:<br \/><em>&#8222;Der Erhalt der Goldmedaille der Kanarischen Inseln ist eine Leistung, die nicht nur diesen beispielhaften Verein, sondern ganz Tuineje ehrt. M\u00e1s Ruines Que Ca\u00edn verk\u00f6rpert das Beste unseres Volkes: die Verteidigung der Identit\u00e4t, das soziale Engagement und die Liebe zu unserer Geschichte. Herzlichen Gl\u00fcckwunsch an das gesamte Kollektiv und an die anderen Preistr\u00e4ger dieses Jahres&#8220;.<\/em><\/p>\n<p>Die Verleihung der vierzehn Goldmedaillen der Kanarischen Inseln findet am <strong>30. Mai<\/strong>, dem Tag der Kanarischen Inseln, statt. Damit werden Personen und Einrichtungen ausgezeichnet, die sich in verschiedenen Bereichen wie Sport, Wirtschaft, Kultur, Identit\u00e4t und Menschenrechte f\u00fcr die kanarische Gesellschaft einsetzen.<\/p>\n<p>Der Stadtrat von Tuineje wiederholt seine <strong>Gl\u00fcckw\u00fcnsche an die Gruppe M\u00e1s Ruines Que Ca\u00edn<\/strong> sowie an alle Personen und Einrichtungen, die in diesem Jahr von der Regierung der Kanarischen Inseln ausgezeichnet wurden.<\/p>\n<\/div>\n","protected":false},"excerpt":{"rendered":"<p>Das Kulturkollektiv wurde f\u00fcr seine Arbeit zum Schutz des kulturellen Erbes von Tuineje und Fuerteventura ausgezeichnet. Der Stadtrat von Tuineje begl\u00fcckw\u00fcnscht die Asociaci\u00f3n Sociocultural M\u00e1s Ruines Que Ca\u00edn zur Verleihung [&hellip;]<\/p>\n","protected":false},"author":1,"featured_media":2828,"comment_status":"open","ping_status":"open","sticky":false,"template":"","format":"standard","meta":{"inline_featured_image":false,"jnews-multi-image_gallery":[],"jnews_single_post":[],"jnews_primary_category":[],"jnews_social_meta":[],"jnews_override_counter":[],"jnews_post_split":[],"footnotes":""},"categories":[299],"tags":[216],"class_list":["post-2831","post","type-post","status-publish","format-standard","has-post-thumbnail","hentry","category-tuineje-de","tag-fuerteventura-de"],"jetpack_featured_media_url":"https:\/\/informacionlocal.es\/wp-content\/uploads\/2025\/05\/captura-de-pantalla-2025-04-22-a-las-19-05-38-1024x678-1.png","_links":{"self":[{"href":"https:\/\/informacionlocal.es\/de\/wp-json\/wp\/v2\/posts\/2831","targetHints":{"allow":["GET"]}}],"collection":[{"href":"https:\/\/informacionlocal.es\/de\/wp-json\/wp\/v2\/posts"}],"about":[{"href":"https:\/\/informacionlocal.es\/de\/wp-json\/wp\/v2\/types\/post"}],"author":[{"embeddable":true,"href":"https:\/\/informacionlocal.es\/de\/wp-json\/wp\/v2\/users\/1"}],"replies":[{"embeddable":true,"href":"https:\/\/informacionlocal.es\/de\/wp-json\/wp\/v2\/comments?post=2831"}],"version-history":[{"count":0,"href":"https:\/\/informacionlocal.es\/de\/wp-json\/wp\/v2\/posts\/2831\/revisions"}],"wp:featuredmedia":[{"embeddable":true,"href":"https:\/\/informacionlocal.es\/de\/wp-json\/wp\/v2\/media\/2828"}],"wp:attachment":[{"href":"https:\/\/informacionlocal.es\/de\/wp-json\/wp\/v2\/media?parent=2831"}],"wp:term":[{"taxonomy":"category","embeddable":true,"href":"https:\/\/informacionlocal.es\/de\/wp-json\/wp\/v2\/categories?post=2831"},{"taxonomy":"post_tag","embeddable":true,"href":"https:\/\/informacionlocal.es\/de\/wp-json\/wp\/v2\/tags?post=2831"}],"curies":[{"name":"wp","href":"https:\/\/api.w.org\/{rel}","templated":true}]}}