{"id":2818,"date":"2025-05-01T13:44:04","date_gmt":"2025-05-01T13:44:04","guid":{"rendered":"https:\/\/informacionlocal.es\/tuineje-feiert-den-tag-des-buches-mit-kultur-geschichte-und-dem-meer\/"},"modified":"2025-05-01T13:44:04","modified_gmt":"2025-05-01T13:44:04","slug":"tuineje-feiert-den-tag-des-buches-mit-kultur-geschichte-und-dem-meer","status":"publish","type":"post","link":"https:\/\/informacionlocal.es\/de\/tuineje-feiert-den-tag-des-buches-mit-kultur-geschichte-und-dem-meer\/","title":{"rendered":"Tuineje feiert den Tag des Buches mit Kultur, Geschichte und dem Meer"},"content":{"rendered":"<div class=\"article-content-inner\">\n<h2 class=\"wp-block-heading\">Das Programm umfasst Vortr\u00e4ge, Geschichtenerz\u00e4hlen und einen Wettbewerb f\u00fcr Mikrogeschichten am Strand.<\/h2>\n<p>Die Kulturabteilung des Stadtrats von Tuineje hat eine Reihe von Veranstaltungen zum Welttag des Buches organisiert, mit Aktivit\u00e4ten, die die F\u00f6rderung des Lesens, des kreativen Ausdrucks und des historischen Wissens in verschiedenen Bereichen der Gemeinde verbinden.<\/p>\n<p>Das Programm beginnt am Dienstag, den 22. April, um 20:00 Uhr in der Casa de la Cultura von Gran Tarajal mit dem Vortrag &#8222;Winter, vier F\u00e4lschungen und eine Wahrheit&#8220; des Autors <strong>Luis Abaroa Baroa<\/strong>. W\u00e4hrend der Veranstaltung werden drei B\u00e4nde seines Werks \u00fcber Gustav Winter vorgestellt, die sich mit den verschiedenen Lebensabschnitten der r\u00e4tselhaften Figur befassen, die mit der Geschichte Fuerteventuras verbunden ist. Eine einmalige Gelegenheit, sich mit den Mythen und Realit\u00e4ten rund um seine Figur auseinanderzusetzen.  <\/p>\n<p>Am Mittwoch, den 23. April, von 10.00 bis 13.00 Uhr, findet am Strand Gran Tarajal die vierte Ausgabe von <strong>Efimares<\/strong> statt, einem originellen, fl\u00fcchtigen Wettbewerb f\u00fcr Mikrogeschichten, die auf nassem Sand geschrieben werden. Mit der Meeresbrise als Hauptthema werden die Teilnehmer &#8211; in den Kategorien Kinder und Erwachsene &#8211; Texte mit mindestens 50 Zeichen schreiben. Die beiden Gewinnergeschichten werden auf einer Wand in der Gemeinde verewigt. Die Anmeldung findet am Tag der Veranstaltung direkt am Strand statt.   <\/p>\n<p>Au\u00dferdem wird der Geschichtenerz\u00e4hler <strong>Javier Bolea<\/strong> um 12.00 Uhr auf der Plaza Tran Tran <em>&#8222;Es war einmal&#8220;<\/em> pr\u00e4sentieren <em>, eine<\/em> Veranstaltung f\u00fcr Kinder und Familien, die die Fantasie und die Liebe zu traditionellen Geschichten anregen soll.<\/p>\n<p>Die Stadtr\u00e4tin f\u00fcr Kultur, <strong>Dulce Garc\u00eda<\/strong>, betonte, dass <em>&#8222;wir von der Kulturabteilung den Tag des Buches mit zug\u00e4nglichen Vorschl\u00e4gen feiern wollen, die sich mit der Gemeinschaft verbinden und die Kreativit\u00e4t in offenen R\u00e4umen f\u00f6rdern. Wir wollen, dass die Literatur auf der Stra\u00dfe, am Strand, zwischen den Generationen und im Kontakt mit unserer Umwelt erlebt wird&#8220;.<\/em><\/p>\n<p>Die B\u00fcrgermeisterin von Tuineje, <strong>Candelaria Umpi\u00e9rrez<\/strong>, wies ihrerseits darauf hin, dass <em>&#8222;diese Aktivit\u00e4ten ein Beispiel f\u00fcr das Engagement dieser Regierungsgruppe f\u00fcr die Kultur als Instrument f\u00fcr sozialen Zusammenhalt, Bildung und Entwicklung sind. Wir laden unsere Nachbarn und Besucher ein, sich an diesem Programm zu beteiligen, das den Wert unseres nat\u00fcrlichen und kulturellen Erbes hervorhebt.<\/em><\/p>\n<p>Der Stadtrat von Tuineje ruft alle B\u00fcrgerinnen und B\u00fcrger auf, sich aktiv an dieser Veranstaltung zu beteiligen, die die Macht des Wortes und die kollektive Kreativit\u00e4t feiert.<\/p>\n<\/div>\n","protected":false},"excerpt":{"rendered":"<p>Das Programm umfasst Vortr\u00e4ge, Geschichtenerz\u00e4hlen und einen Wettbewerb f\u00fcr Mikrogeschichten am Strand. Die Kulturabteilung des Stadtrats von Tuineje hat eine Reihe von Veranstaltungen zum Welttag des Buches organisiert, mit Aktivit\u00e4ten, [&hellip;]<\/p>\n","protected":false},"author":1,"featured_media":2816,"comment_status":"open","ping_status":"open","sticky":false,"template":"","format":"standard","meta":{"inline_featured_image":false,"jnews-multi-image_gallery":[],"jnews_single_post":[],"jnews_primary_category":[],"jnews_social_meta":[],"jnews_override_counter":[],"jnews_post_split":[],"footnotes":""},"categories":[299],"tags":[216],"class_list":["post-2818","post","type-post","status-publish","format-standard","has-post-thumbnail","hentry","category-tuineje-de","tag-fuerteventura-de"],"jetpack_featured_media_url":"https:\/\/informacionlocal.es\/wp-content\/uploads\/2025\/05\/captura-de-pantalla-2025-04-11-a-las-8-53-49-1024x608-1.png","_links":{"self":[{"href":"https:\/\/informacionlocal.es\/de\/wp-json\/wp\/v2\/posts\/2818","targetHints":{"allow":["GET"]}}],"collection":[{"href":"https:\/\/informacionlocal.es\/de\/wp-json\/wp\/v2\/posts"}],"about":[{"href":"https:\/\/informacionlocal.es\/de\/wp-json\/wp\/v2\/types\/post"}],"author":[{"embeddable":true,"href":"https:\/\/informacionlocal.es\/de\/wp-json\/wp\/v2\/users\/1"}],"replies":[{"embeddable":true,"href":"https:\/\/informacionlocal.es\/de\/wp-json\/wp\/v2\/comments?post=2818"}],"version-history":[{"count":0,"href":"https:\/\/informacionlocal.es\/de\/wp-json\/wp\/v2\/posts\/2818\/revisions"}],"wp:featuredmedia":[{"embeddable":true,"href":"https:\/\/informacionlocal.es\/de\/wp-json\/wp\/v2\/media\/2816"}],"wp:attachment":[{"href":"https:\/\/informacionlocal.es\/de\/wp-json\/wp\/v2\/media?parent=2818"}],"wp:term":[{"taxonomy":"category","embeddable":true,"href":"https:\/\/informacionlocal.es\/de\/wp-json\/wp\/v2\/categories?post=2818"},{"taxonomy":"post_tag","embeddable":true,"href":"https:\/\/informacionlocal.es\/de\/wp-json\/wp\/v2\/tags?post=2818"}],"curies":[{"name":"wp","href":"https:\/\/api.w.org\/{rel}","templated":true}]}}