{"id":2807,"date":"2025-05-01T12:31:39","date_gmt":"2025-05-01T12:31:39","guid":{"rendered":"https:\/\/informacionlocal.es\/tarajalejo-veranstaltet-seine-7-stadtmeile-mit-dem-meer-als-kulisse\/"},"modified":"2025-05-01T12:31:39","modified_gmt":"2025-05-01T12:31:39","slug":"tarajalejo-veranstaltet-seine-7-stadtmeile-mit-dem-meer-als-kulisse","status":"publish","type":"post","link":"https:\/\/informacionlocal.es\/de\/tarajalejo-veranstaltet-seine-7-stadtmeile-mit-dem-meer-als-kulisse\/","title":{"rendered":"Tarajalejo veranstaltet seine 7. Stadtmeile mit dem Meer als Kulisse"},"content":{"rendered":"<div class=\"article-content-inner\">\n<p>Die Stadtverwaltung von Tuineje organisiert \u00fcber ihre Sportabteilung die siebte Auflage der Tarajalejo-Meile, die am Donnerstag, den 9. Mai um 18:00 Uhr auf dem Paseo Mar\u00edtimo dieser K\u00fcstenstadt stattfindet. Diese st\u00e4dtische Veranstaltung, die zu einem festen Bestandteil des st\u00e4dtischen Sportkalenders geworden ist, l\u00e4dt Sportler aller Altersgruppen zu einem Tag der Leichtathletik unter freiem Himmel ein. <\/p>\n<p>Die Stadtmeile ist eine Form der Leichtathletik, bei der die Teilnehmer eine Strecke von 1.609 Metern in der k\u00fcrzest m\u00f6glichen Zeit zur\u00fccklegen m\u00fcssen. Im Gegensatz zu anderen l\u00e4ngeren Strecken zeichnet sich die Meile durch ihre Intensit\u00e4t und Dynamik aus und findet dieses Mal im Stadtzentrum, direkt am Meer, statt. <\/p>\n<div class=\"wp-block-image\">\n<figure class=\"aligncenter size-large is-resized\"><img fetchpriority=\"high\" decoding=\"async\" width=\"724\" height=\"1024\" src=\"https:\/\/informacionlocal.es\/wp-content\/uploads\/2025\/05\/cartel-milla-tarajalejo-2025-09-de-mayo-1-724x1024-1.jpg\" class=\"wp-image-7756\" title=\"cartel-milla-tarajalejo-2025-09-de-mayo-1-724x1024-1\"><\/figure>\n<\/div>\n<p>Die Stadtr\u00e4tin f\u00fcr Sport, Dulce Garc\u00eda, sagte: <em>&#8222;Die Tarajalejo-Meile ist nicht nur ein Wettbewerb, sondern ein gro\u00dfes Fest des Sports. Wir m\u00f6chten, dass Einheimische, Familien und Besucher daran teilnehmen und die Atmosph\u00e4re genie\u00dfen. Diese Veranstaltung spiegelt unser Engagement f\u00fcr die F\u00f6rderung der k\u00f6rperlichen Bet\u00e4tigung und des gesunden Zusammenlebens wider&#8220;.<\/em><\/p>\n<p>Die B\u00fcrgermeisterin von Tuineje, Candelaria Umpi\u00e9rrez, erkl\u00e4rte: <em>&#8222;Der Stadtrat unterst\u00fctzt weiterhin Veranstaltungen, die den Breitensport f\u00f6rdern und sich positiv auf das soziale und wirtschaftliche Gef\u00fcge der Region auswirken. Die Tarajalejo-Meile ist ein Beispiel daf\u00fcr, wie Sport eine treibende Kraft f\u00fcr Entwicklung und Zusammenhalt sein kann.<\/em><\/p>\n<p>Die Anmeldung ist unter www.cronolinecanarias.com m\u00f6glich, und es wird mit einer gro\u00dfen Zahl von L\u00e4ufern aus der Region und G\u00e4sten gerechnet.<\/p>\n<\/div>\n","protected":false},"excerpt":{"rendered":"<p>Die Stadtverwaltung von Tuineje organisiert \u00fcber ihre Sportabteilung die siebte Auflage der Tarajalejo-Meile, die am Donnerstag, den 9. Mai um 18:00 Uhr auf dem Paseo Mar\u00edtimo dieser K\u00fcstenstadt stattfindet. Diese [&hellip;]<\/p>\n","protected":false},"author":1,"featured_media":2800,"comment_status":"open","ping_status":"open","sticky":false,"template":"","format":"standard","meta":{"inline_featured_image":false,"jnews-multi-image_gallery":[],"jnews_single_post":[],"jnews_primary_category":[],"jnews_social_meta":[],"jnews_override_counter":[],"jnews_post_split":[],"footnotes":""},"categories":[299],"tags":[303],"class_list":["post-2807","post","type-post","status-publish","format-standard","has-post-thumbnail","hentry","category-tuineje-de","tag-eventos-de"],"jetpack_featured_media_url":"https:\/\/informacionlocal.es\/wp-content\/uploads\/2025\/05\/cartel-milla-tarajalejo-2025-09-de-mayo-scaled-e1746093567586.jpg","_links":{"self":[{"href":"https:\/\/informacionlocal.es\/de\/wp-json\/wp\/v2\/posts\/2807","targetHints":{"allow":["GET"]}}],"collection":[{"href":"https:\/\/informacionlocal.es\/de\/wp-json\/wp\/v2\/posts"}],"about":[{"href":"https:\/\/informacionlocal.es\/de\/wp-json\/wp\/v2\/types\/post"}],"author":[{"embeddable":true,"href":"https:\/\/informacionlocal.es\/de\/wp-json\/wp\/v2\/users\/1"}],"replies":[{"embeddable":true,"href":"https:\/\/informacionlocal.es\/de\/wp-json\/wp\/v2\/comments?post=2807"}],"version-history":[{"count":0,"href":"https:\/\/informacionlocal.es\/de\/wp-json\/wp\/v2\/posts\/2807\/revisions"}],"wp:featuredmedia":[{"embeddable":true,"href":"https:\/\/informacionlocal.es\/de\/wp-json\/wp\/v2\/media\/2800"}],"wp:attachment":[{"href":"https:\/\/informacionlocal.es\/de\/wp-json\/wp\/v2\/media?parent=2807"}],"wp:term":[{"taxonomy":"category","embeddable":true,"href":"https:\/\/informacionlocal.es\/de\/wp-json\/wp\/v2\/categories?post=2807"},{"taxonomy":"post_tag","embeddable":true,"href":"https:\/\/informacionlocal.es\/de\/wp-json\/wp\/v2\/tags?post=2807"}],"curies":[{"name":"wp","href":"https:\/\/api.w.org\/{rel}","templated":true}]}}