{"id":2791,"date":"2025-04-30T22:46:28","date_gmt":"2025-04-30T22:46:28","guid":{"rendered":"https:\/\/informacionlocal.es\/puerto-del-rosario-foerdert-die-laendliche-nachhaltigkeit-durch-die-installation-von-43-photovoltaik-strassenlampen-in-seinen-doerfern\/"},"modified":"2025-04-30T22:46:28","modified_gmt":"2025-04-30T22:46:28","slug":"puerto-del-rosario-foerdert-die-laendliche-nachhaltigkeit-durch-die-installation-von-43-photovoltaik-strassenlampen-in-seinen-doerfern","status":"publish","type":"post","link":"https:\/\/informacionlocal.es\/de\/puerto-del-rosario-foerdert-die-laendliche-nachhaltigkeit-durch-die-installation-von-43-photovoltaik-strassenlampen-in-seinen-doerfern\/","title":{"rendered":"Puerto del Rosario f\u00f6rdert die l\u00e4ndliche Nachhaltigkeit durch die Installation von 43 Photovoltaik-Stra\u00dfenlampen in seinen D\u00f6rfern."},"content":{"rendered":"<div class=\"entry-content\">\n<p>Die Stadtverwaltung <strong>von Puerto del Rosario<\/strong> hat mit der Installation von <strong>43 neuen Photovoltaik-Stra\u00dfenlaternen<\/strong> in verschiedenen D\u00f6rfern der Gemeinde begonnen und bekr\u00e4ftigt damit ihr Engagement f\u00fcr ein Entwicklungsmodell, das sich f\u00fcr <strong>Energieeffizienz<\/strong>, <strong>Umweltschutz<\/strong> und die <strong>Verbesserung der Lebensqualit\u00e4t<\/strong> in l\u00e4ndlichen Gebieten einsetzt.<\/p>\n<p><strong>Effiziente, an die l\u00e4ndliche Umgebung angepasste Beleuchtung.<\/strong><\/p>\n<p><strong> <\/strong><strong>B\u00fcrgermeister David<\/strong><strong>de Vera<\/strong> betonte die Bedeutung solcher Initiativen:  <em>&#8222;Mit diesen photovoltaischen Stra\u00dfenlaternen erhalten unsere D\u00f6rfer ein modernes und effizientes Beleuchtungssystem, das an ihre Besonderheiten angepasst ist. Sie erm\u00f6glichen nicht nur den Zugang zu qualitativ hochwertigem Licht, ohne dass gro\u00dfe elektrische Infrastrukturen erforderlich sind, sondern sie bedeuten auch eine erhebliche Einsparung bei den Energie- und Wartungskosten. Wir verwenden das Modell &#8222;Villa&#8220;, eine Stra\u00dfenleuchte mit traditionellem Design, die sich \u00e4sthetisch in die l\u00e4ndliche Umgebung einf\u00fcgt und ihre Effizienz und visuelle Harmonie bereits bei fr\u00fcheren Installationen in der Gemeinde unter Beweis gestellt hat. Mit dieser Art von Ma\u00dfnahmen bekr\u00e4ftigen wir unser Engagement f\u00fcr die Verbesserung der Sicherheit, der Lebensqualit\u00e4t und des Wohlbefindens der Bewohner der l\u00e4ndlichen Gebiete der Gemeinde.<\/em><\/p>\n<p><em> <\/em><strong>Transparente und effiziente Beschaffung.<\/strong><\/p>\n<p><strong> <\/strong>Die <strong>Stadtr\u00e4tin f\u00fcr Bauwesen<\/strong>, <strong>Mar\u00eda Franco<\/strong>, teilte mit, dass der Auftrag an die Firma <strong>SEDANE 2000 S.L.<\/strong> vergeben wurde, mit einem Gesamtbudget von <strong>78.349,49 Euro:<\/strong>     <em>&#8222;Wir haben ein strenges und transparentes Verfahren durchgef\u00fchrt, um das mit diesem Projekt beauftragte Unternehmen auszuw\u00e4hlen. Den Zuschlag erhielt SEDANE 2000 S.L., ein Unternehmen mit Erfahrung in dieser Art von technischen L\u00f6sungen. Der Vertrag umfasst sowohl die Lieferung als auch die Installation der Stra\u00dfenbeleuchtung, so dass ein umfassender Service und eine effiziente Inbetriebnahme gew\u00e4hrleistet sind. Die Abteilung f\u00fcr Auftragsvergabe f\u00f6rdert weiterhin Investitionen, die sich direkt und positiv auf das Leben unserer Einwohner auswirken und die Basisinfrastrukturen auf nachhaltige und verantwortungsvolle Weise verbessern&#8220;.<\/em><\/p>\n<p><strong>Sauberer Luftraum, saubere Energie.<\/strong><\/p>\n<p><strong> <\/strong>Der <strong>Stadtrat f\u00fcr Dienstleistungen und St\u00e4dte und Nachbarschaften<\/strong>, <strong>David de Le\u00f3n<\/strong>, betonte seinerseits die \u00f6kologische Bedeutung der Aktion:<em>&#8222;Diese Stra\u00dfenlaternen sind speziell f\u00fcr den Schutz unseres Himmels konzipiert und haben eine Farbtemperatur von <strong>2700 Kelvin<\/strong>, was die Lichtverschmutzung deutlich reduziert. Sie werden strategisch an <strong>Kreuzungen und Hauseing\u00e4ngen<\/strong> an \u00f6ffentlichen Stra\u00dfen platziert, um die Sicherheit zu gew\u00e4hrleisten, ohne die Qualit\u00e4t des Nachthimmels zu beeintr\u00e4chtigen, der ein kulturelles und touristisches Gut in unserem Gebiet darstellt. Dar\u00fcber hinaus f\u00f6rdert ihr autonomer Betrieb die Energieautarkie und tr\u00e4gt zur Verringerung des <strong>CO2-Fu\u00dfabdrucks<\/strong> bei. Mit Initiativen wie dieser, die sich an den Kriterien der <strong>Starlight Reserve<\/strong> orientieren, machen wir einen echten Schritt in Richtung einer nachhaltigeren Gemeinde und erziehen gleichzeitig unsere l\u00e4ndlichen Gemeinden zu \u00f6kologischen Werten&#8220;.   <\/em><\/p>\n<p>Mit dieser Ma\u00dfnahme unternimmt die Stadtverwaltung von Puerto del Rosario einen neuen Schritt in Richtung eines nachhaltigeren, ausgewogenen und engagierten Modells der \u00f6ffentlichen Verwaltung f\u00fcr das Gebiet und seine Bewohner.<\/p>\n<\/div>\n","protected":false},"excerpt":{"rendered":"<p>Die Stadtverwaltung von Puerto del Rosario hat mit der Installation von 43 neuen Photovoltaik-Stra\u00dfenlaternen in verschiedenen D\u00f6rfern der Gemeinde begonnen und bekr\u00e4ftigt damit ihr Engagement f\u00fcr ein Entwicklungsmodell, das sich [&hellip;]<\/p>\n","protected":false},"author":1,"featured_media":2788,"comment_status":"open","ping_status":"open","sticky":false,"template":"","format":"standard","meta":{"inline_featured_image":false,"jnews-multi-image_gallery":[],"jnews_single_post":[],"jnews_primary_category":[],"jnews_social_meta":[],"jnews_override_counter":[],"jnews_post_split":[],"footnotes":""},"categories":[293],"tags":[199],"class_list":["post-2791","post","type-post","status-publish","format-standard","has-post-thumbnail","hentry","category-puerto-del-rosario-de","tag-umwelt"],"jetpack_featured_media_url":"https:\/\/informacionlocal.es\/wp-content\/uploads\/2025\/04\/farolas-titu-fotovoltaicas-0425.jpg","_links":{"self":[{"href":"https:\/\/informacionlocal.es\/de\/wp-json\/wp\/v2\/posts\/2791","targetHints":{"allow":["GET"]}}],"collection":[{"href":"https:\/\/informacionlocal.es\/de\/wp-json\/wp\/v2\/posts"}],"about":[{"href":"https:\/\/informacionlocal.es\/de\/wp-json\/wp\/v2\/types\/post"}],"author":[{"embeddable":true,"href":"https:\/\/informacionlocal.es\/de\/wp-json\/wp\/v2\/users\/1"}],"replies":[{"embeddable":true,"href":"https:\/\/informacionlocal.es\/de\/wp-json\/wp\/v2\/comments?post=2791"}],"version-history":[{"count":0,"href":"https:\/\/informacionlocal.es\/de\/wp-json\/wp\/v2\/posts\/2791\/revisions"}],"wp:featuredmedia":[{"embeddable":true,"href":"https:\/\/informacionlocal.es\/de\/wp-json\/wp\/v2\/media\/2788"}],"wp:attachment":[{"href":"https:\/\/informacionlocal.es\/de\/wp-json\/wp\/v2\/media?parent=2791"}],"wp:term":[{"taxonomy":"category","embeddable":true,"href":"https:\/\/informacionlocal.es\/de\/wp-json\/wp\/v2\/categories?post=2791"},{"taxonomy":"post_tag","embeddable":true,"href":"https:\/\/informacionlocal.es\/de\/wp-json\/wp\/v2\/tags?post=2791"}],"curies":[{"name":"wp","href":"https:\/\/api.w.org\/{rel}","templated":true}]}}