{"id":2766,"date":"2025-04-30T13:29:19","date_gmt":"2025-04-30T13:29:19","guid":{"rendered":"https:\/\/informacionlocal.es\/stadtverwaltung-und-asociacion-contra-el-cancer-foerdern-sonnenschutz-und-aktive-pausen-in-schulen\/"},"modified":"2025-04-30T13:29:19","modified_gmt":"2025-04-30T13:29:19","slug":"stadtverwaltung-und-asociacion-contra-el-cancer-foerdern-sonnenschutz-und-aktive-pausen-in-schulen","status":"publish","type":"post","link":"https:\/\/informacionlocal.es\/de\/stadtverwaltung-und-asociacion-contra-el-cancer-foerdern-sonnenschutz-und-aktive-pausen-in-schulen\/","title":{"rendered":"Stadtverwaltung und Asociaci\u00f3n Contra el C\u00e1ncer f\u00f6rdern Sonnenschutz und aktive Pausen in Schulen"},"content":{"rendered":"<div class=\"elementor-widget-container\">\n<p><strong>Stadtverwaltung und Asociaci\u00f3n Contra el C\u00e1ncer f\u00f6rdern Sonnenschutz und aktive Pausen in Schulen<\/strong><\/p>\n<p><strong>&#8211; Die j\u00fcngsten Sch\u00fcler von Triquivijate lernen die Vorteile aktiver Pausen kennen und erfahren, wie wichtig gute Essgewohnheiten und Sonnenschutz sind.<\/strong><\/p>\n<p>Der B\u00fcrgermeister Mat\u00edas Pe\u00f1a und die Stadtr\u00e4tin f\u00fcr Soziales und Bildung, Am\u00e9rica Soto Betancor, besuchten das CEIP Francisca P\u00e9rez in Triquivijate, um die Kinder \u00fcber ihre Teilnahme an dem Projekt f\u00fcr gute gesunde Gewohnheiten zu befragen, das in diesen Tagen von Freiwilligen der Spanischen Vereinigung gegen Krebs auf Fuerteventura durchgef\u00fchrt wird.<\/p>\n<p>Die Sozialabteilung der Stadtverwaltung von Antigua arbeitet mit der Spanischen Vereinigung gegen Krebs auf Fuerteventura zusammen, um das Projekt &#8222;Bek\u00e4mpfung der Fettleibigkeit in Schulen&#8220; an der Grundschule Francisca P\u00e9rez in Triquivijate zu f\u00f6rdern.<\/p>\n<p>Zu den Praktiken und Dynamiken, die im Zentrum entwickelt wurden, geh\u00f6rt, dass alle Sch\u00fcler des Zentrums t\u00e4glich aktive Pausen einlegen, um die k\u00f6rperliche Aktivit\u00e4t der Sch\u00fcler zu steigern.<\/p>\n<p>Das Projekt wird durch monatliche Vortr\u00e4ge erg\u00e4nzt, die sich im April mit der Bedeutung des Sonnenschutzes f\u00fcr die Hautpflege und die Vorbeugung von Krankheiten befassten.<\/p>\n<p>In Zusammenarbeit mit dem Stadtrat von Antigua und den Studienzentren f\u00fchrt die Vereinigung au\u00dferdem zwei weitere Projekte durch: &#8222;Rauchfreie R\u00e4ume&#8220;, um die Rauchgewohnheiten einzud\u00e4mmen, und &#8222;Gesunde Wege&#8220;, um die sitzende Lebensweise zu bek\u00e4mpfen und Bewegung und Praktiken zu f\u00f6rdern, die das Gehen und den Genuss von Freifl\u00e4chen und der freien Natur beg\u00fcnstigen.<\/p>\n<\/div>\n","protected":false},"excerpt":{"rendered":"<p><strong>Stadtverwaltung und Asociaci\u00f3n Contra el C\u00e1ncer f\u00f6rdern Sonnenschutz und aktive Pausen in Schulen<\/strong><\/p>\n","protected":false},"author":1,"featured_media":2764,"comment_status":"open","ping_status":"open","sticky":false,"template":"","format":"standard","meta":{"inline_featured_image":false,"jnews-multi-image_gallery":[],"jnews_single_post":[],"jnews_primary_category":[],"jnews_social_meta":[],"jnews_override_counter":[],"jnews_post_split":[],"footnotes":""},"categories":[283],"tags":[306,216],"class_list":["post-2766","post","type-post","status-publish","format-standard","has-post-thumbnail","hentry","category-antigua-de","tag-educacion-de","tag-fuerteventura-de"],"jetpack_featured_media_url":"https:\/\/informacionlocal.es\/wp-content\/uploads\/2025\/04\/ayuntamiento-y-asociacion-contra-el-cancer-promueven-proteccion-solar-y-pausas-activas-en-los-centros-escolares-1-scaled-1.jpg","_links":{"self":[{"href":"https:\/\/informacionlocal.es\/de\/wp-json\/wp\/v2\/posts\/2766","targetHints":{"allow":["GET"]}}],"collection":[{"href":"https:\/\/informacionlocal.es\/de\/wp-json\/wp\/v2\/posts"}],"about":[{"href":"https:\/\/informacionlocal.es\/de\/wp-json\/wp\/v2\/types\/post"}],"author":[{"embeddable":true,"href":"https:\/\/informacionlocal.es\/de\/wp-json\/wp\/v2\/users\/1"}],"replies":[{"embeddable":true,"href":"https:\/\/informacionlocal.es\/de\/wp-json\/wp\/v2\/comments?post=2766"}],"version-history":[{"count":0,"href":"https:\/\/informacionlocal.es\/de\/wp-json\/wp\/v2\/posts\/2766\/revisions"}],"wp:featuredmedia":[{"embeddable":true,"href":"https:\/\/informacionlocal.es\/de\/wp-json\/wp\/v2\/media\/2764"}],"wp:attachment":[{"href":"https:\/\/informacionlocal.es\/de\/wp-json\/wp\/v2\/media?parent=2766"}],"wp:term":[{"taxonomy":"category","embeddable":true,"href":"https:\/\/informacionlocal.es\/de\/wp-json\/wp\/v2\/categories?post=2766"},{"taxonomy":"post_tag","embeddable":true,"href":"https:\/\/informacionlocal.es\/de\/wp-json\/wp\/v2\/tags?post=2766"}],"curies":[{"name":"wp","href":"https:\/\/api.w.org\/{rel}","templated":true}]}}