{"id":2755,"date":"2025-04-30T13:03:27","date_gmt":"2025-04-30T13:03:27","guid":{"rendered":"https:\/\/informacionlocal.es\/das-cifp-el-ciervo-stellt-neue-ausbildungsprogramme-fuer-das-studienjahr-2025-2026-vor\/"},"modified":"2025-04-30T13:03:27","modified_gmt":"2025-04-30T13:03:27","slug":"das-cifp-el-ciervo-stellt-neue-ausbildungsprogramme-fuer-das-studienjahr-2025-2026-vor","status":"publish","type":"post","link":"https:\/\/informacionlocal.es\/de\/das-cifp-el-ciervo-stellt-neue-ausbildungsprogramme-fuer-das-studienjahr-2025-2026-vor\/","title":{"rendered":"Das CIFP El Ciervo stellt neue Ausbildungsprogramme f\u00fcr das Studienjahr 2025\/2026 vor"},"content":{"rendered":"<div class=\"entry-content\">\n<p><b><i>Die Regierung der Kanarischen Inseln f\u00f6rdert die technische und berufliche Ausbildung im S\u00fcden der Insel, mit Kursen vor Ort und gemischtem Lernen, die auf Arbeitsvermittlung und Unternehmertum abzielen.<\/i><\/b><\/p>\n<p><span>Die Regierung der Kanarischen Inseln stellt ein neues Bildungsangebot mit Ausbildungszyklen im Centro Integrado de Formaci\u00f3n Profesional (CIFP) El Ciervo in Morro Jable vor. Dieses neue Angebot unterstreicht das Engagement f\u00fcr die technische und berufliche Ausbildung im S\u00fcden der Insel und erm\u00f6glicht den Sch\u00fclern den Zugang zu einer qualitativ hochwertigen Ausbildung, die an die Anforderungen des Arbeitsmarktes angepasst ist.   <\/span><\/p>\n<p><span>Das neue Bildungsangebot wird ab dem n\u00e4chsten akademischen Jahr (2025\/2026) zur Verf\u00fcgung stehen, mit einem Ausbildungsplan, der den Studenten die notwendigen F\u00e4higkeiten f\u00fcr ihre Integration in den Arbeitsmarkt vermitteln und den Unternehmergeist auf der Insel f\u00f6rdern soll. Die Ausbildungszyklen werden sowohl vor Ort als auch im Rahmen des Blended Learning unterrichtet, was es den Studierenden erleichtern wird, ihr Studium mit ihrem Arbeitsleben und anderen pers\u00f6nlichen Verpflichtungen zu vereinbaren.   <\/span><\/p>\n<p><span>Die Stadtr\u00e4tin f\u00fcr Bildung, \u00c1ngeles Acosta, unterstreicht die Bedeutung dieser Art von Ausbildung in der Gemeinde und betont &#8222;die Notwendigkeit, dass die Sch\u00fcler sich f\u00fcr eine breite Palette von Studieng\u00e4ngen entscheiden k\u00f6nnen&#8220;. &#8222;Wir sind davon \u00fcberzeugt, dass unsere jungen Leute mit diesen Ausbildungsg\u00e4ngen Zugang zu einer qualitativ hochwertigen Ausbildung haben werden, die es ihnen erm\u00f6glicht, sich beruflich in Sektoren zu entwickeln, die auf der Insel eine gro\u00dfe Bedeutung haben&#8220;, sagt sie.   <\/span><\/p>\n<p><span>Das CIFP El Ciervo bietet ein breit gef\u00e4chertes Ausbildungsangebot mit Zyklen in verschiedenen Bereichen wie Verwaltung und Management, Gastgewerbe und Dienstleistungen, Handel und Marketing sowie k\u00f6rperliche und sportliche Aktivit\u00e4ten, Lebensmittelindustrie und soziokulturelle und kommunale Dienstleistungen. Ziel dieser Programme ist es, hochqualifizierte Fachkr\u00e4fte auszubilden.   <\/span><\/p>\n<div>Teilen Sie<\/div>\n<\/div>\n","protected":false},"excerpt":{"rendered":"<p><i>Die Regierung der Kanarischen Inseln f\u00f6rdert die technische und berufliche Ausbildung im S\u00fcden der Insel, mit Kursen vor Ort und gemischtem Lernen, die auf Arbeitsvermittlung und Unternehmertum abzielen.<\/i><\/p>\n","protected":false},"author":1,"featured_media":2752,"comment_status":"open","ping_status":"open","sticky":false,"template":"","format":"standard","meta":{"inline_featured_image":false,"jnews-multi-image_gallery":[],"jnews_single_post":[],"jnews_primary_category":[],"jnews_social_meta":[],"jnews_override_counter":[],"jnews_post_split":[],"footnotes":""},"categories":[297],"tags":[306],"class_list":["post-2755","post","type-post","status-publish","format-standard","has-post-thumbnail","hentry","category-pajara-de","tag-educacion-de"],"jetpack_featured_media_url":"https:\/\/informacionlocal.es\/wp-content\/uploads\/2025\/04\/cifp-el-ciervo-1.jpeg","_links":{"self":[{"href":"https:\/\/informacionlocal.es\/de\/wp-json\/wp\/v2\/posts\/2755","targetHints":{"allow":["GET"]}}],"collection":[{"href":"https:\/\/informacionlocal.es\/de\/wp-json\/wp\/v2\/posts"}],"about":[{"href":"https:\/\/informacionlocal.es\/de\/wp-json\/wp\/v2\/types\/post"}],"author":[{"embeddable":true,"href":"https:\/\/informacionlocal.es\/de\/wp-json\/wp\/v2\/users\/1"}],"replies":[{"embeddable":true,"href":"https:\/\/informacionlocal.es\/de\/wp-json\/wp\/v2\/comments?post=2755"}],"version-history":[{"count":0,"href":"https:\/\/informacionlocal.es\/de\/wp-json\/wp\/v2\/posts\/2755\/revisions"}],"wp:featuredmedia":[{"embeddable":true,"href":"https:\/\/informacionlocal.es\/de\/wp-json\/wp\/v2\/media\/2752"}],"wp:attachment":[{"href":"https:\/\/informacionlocal.es\/de\/wp-json\/wp\/v2\/media?parent=2755"}],"wp:term":[{"taxonomy":"category","embeddable":true,"href":"https:\/\/informacionlocal.es\/de\/wp-json\/wp\/v2\/categories?post=2755"},{"taxonomy":"post_tag","embeddable":true,"href":"https:\/\/informacionlocal.es\/de\/wp-json\/wp\/v2\/tags?post=2755"}],"curies":[{"name":"wp","href":"https:\/\/api.w.org\/{rel}","templated":true}]}}