{"id":2744,"date":"2025-04-30T12:56:19","date_gmt":"2025-04-30T12:56:19","guid":{"rendered":"https:\/\/informacionlocal.es\/das-fest-des-heiligsten-herzens-mariens-kommt-nach-tarajalejo\/"},"modified":"2025-04-30T12:56:19","modified_gmt":"2025-04-30T12:56:19","slug":"das-fest-des-heiligsten-herzens-mariens-kommt-nach-tarajalejo","status":"publish","type":"post","link":"https:\/\/informacionlocal.es\/de\/das-fest-des-heiligsten-herzens-mariens-kommt-nach-tarajalejo\/","title":{"rendered":"Das Fest des Heiligsten Herzens Mariens kommt nach Tarajalejo"},"content":{"rendered":"<div class=\"article-content-inner\">\n<p>Die Gemeinde Tuineje bereitet sich auf eines ihrer am sehnlichsten erwarteten Feste vor: das Fest des Heiligen Herzens Mariens in Tarajalejo, das vom 1. bis 11. Mai mit einem umfangreichen Programm an sportlichen, kulturellen, religi\u00f6sen und musikalischen Veranstaltungen f\u00fcr alle Altersgruppen stattfinden wird.<\/p>\n<p>Das Programm, das am Donnerstag, dem 1. Mai, mit der Ausstellung des von Tarajalejo inspirierten Siegerbildes und der Er\u00f6ffnungsrede der Anwohner beginnt, findet seinen H\u00f6hepunkt am Sonntag, dem 11. Mai, mit einem feierlichen Gottesdienst und der traditionellen maritimen Prozession.<\/p>\n<figure class=\"wp-block-image size-large\"><img fetchpriority=\"high\" decoding=\"async\" width=\"1024\" height=\"724\" src=\"https:\/\/informacionlocal.es\/wp-content\/uploads\/2025\/04\/cartel-jpg-1-1024x724-1.jpg\" class=\"wp-image-7737\" title=\"cartel-jpg-1-1024x724-1\"><\/figure>\n<p>Zu den H\u00f6hepunkten geh\u00f6ren die XV. Romer\u00eda del Sagrado Coraz\u00f3n de Mar\u00eda, beliebte T\u00e4nze unter freiem Himmel, Workshops, Wettbewerbe, Hallenfu\u00dfball- und Ringerturniere sowie Live-Musikabende mit lokalen und regionalen K\u00fcnstlern.<\/p>\n<p>Der Stadtrat f\u00fcr Jugend und Feste, <strong>David Herrera<\/strong>, betonte, dass &#8222;wir ein Programm mit viel Liebe gestaltet haben, bei dem Tradition und Nachbarschaftsbeteiligung die Hauptrolle spielen. Wir laden alle Einwohner und Besucher ein, diese Feste zu genie\u00dfen, die die Gemeinschaft vereinen und unsere Wurzeln feiern sollen&#8220;.<\/p>\n<p>Die B\u00fcrgermeisterin von Tuineje, <strong>Candelaria Umpi\u00e9rrez<\/strong>, wies ihrerseits darauf hin, dass &#8222;das Herz-Jesu-Fest ein Spiegelbild des Geistes und der Identit\u00e4t von Tarajalejo ist. Das Rathaus dankt allen Personen und Gruppen, die dieses Fest Jahr f\u00fcr Jahr m\u00f6glich machen. Es sind Tage, an denen wir unsere Traditionen teilen, genie\u00dfen und stolz darauf sein k\u00f6nnen&#8220;.<\/p>\n<p>Der Gemeinderat von Tuineje l\u00e4dt alle B\u00fcrgerinnen und B\u00fcrger ein, sich aktiv an diesen Feierlichkeiten zu beteiligen, die das Engagement der Gemeinde f\u00fcr Kultur, Koexistenz und lokale Entwicklung festigen.<\/p>\n<\/div>\n","protected":false},"excerpt":{"rendered":"<p>Die Gemeinde Tuineje bereitet sich auf eines ihrer am sehnlichsten erwarteten Feste vor: das Fest des Heiligen Herzens Mariens in Tarajalejo, das vom 1. bis 11. Mai mit einem umfangreichen [&hellip;]<\/p>\n","protected":false},"author":1,"featured_media":2736,"comment_status":"open","ping_status":"open","sticky":false,"template":"","format":"standard","meta":{"inline_featured_image":false,"jnews-multi-image_gallery":[],"jnews_single_post":[],"jnews_primary_category":[],"jnews_social_meta":[],"jnews_override_counter":[],"jnews_post_split":[],"footnotes":""},"categories":[299],"tags":[303],"class_list":["post-2744","post","type-post","status-publish","format-standard","has-post-thumbnail","hentry","category-tuineje-de","tag-eventos-de"],"jetpack_featured_media_url":"https:\/\/informacionlocal.es\/wp-content\/uploads\/2025\/04\/captura-de-pantalla-2025-04-30-a-las-13-07-07.png","_links":{"self":[{"href":"https:\/\/informacionlocal.es\/de\/wp-json\/wp\/v2\/posts\/2744","targetHints":{"allow":["GET"]}}],"collection":[{"href":"https:\/\/informacionlocal.es\/de\/wp-json\/wp\/v2\/posts"}],"about":[{"href":"https:\/\/informacionlocal.es\/de\/wp-json\/wp\/v2\/types\/post"}],"author":[{"embeddable":true,"href":"https:\/\/informacionlocal.es\/de\/wp-json\/wp\/v2\/users\/1"}],"replies":[{"embeddable":true,"href":"https:\/\/informacionlocal.es\/de\/wp-json\/wp\/v2\/comments?post=2744"}],"version-history":[{"count":0,"href":"https:\/\/informacionlocal.es\/de\/wp-json\/wp\/v2\/posts\/2744\/revisions"}],"wp:featuredmedia":[{"embeddable":true,"href":"https:\/\/informacionlocal.es\/de\/wp-json\/wp\/v2\/media\/2736"}],"wp:attachment":[{"href":"https:\/\/informacionlocal.es\/de\/wp-json\/wp\/v2\/media?parent=2744"}],"wp:term":[{"taxonomy":"category","embeddable":true,"href":"https:\/\/informacionlocal.es\/de\/wp-json\/wp\/v2\/categories?post=2744"},{"taxonomy":"post_tag","embeddable":true,"href":"https:\/\/informacionlocal.es\/de\/wp-json\/wp\/v2\/tags?post=2744"}],"curies":[{"name":"wp","href":"https:\/\/api.w.org\/{rel}","templated":true}]}}