{"id":2727,"date":"2025-04-30T12:48:01","date_gmt":"2025-04-30T12:48:01","guid":{"rendered":"https:\/\/informacionlocal.es\/die-aelteren-buerger-von-tuineje-haben-die-kreuze-der-gemeinde-aufgestellt-auf-denen-sie-ruhen\/"},"modified":"2025-04-30T12:48:01","modified_gmt":"2025-04-30T12:48:01","slug":"die-aelteren-buerger-von-tuineje-haben-die-kreuze-der-gemeinde-aufgestellt-auf-denen-sie-ruhen","status":"publish","type":"post","link":"https:\/\/informacionlocal.es\/de\/die-aelteren-buerger-von-tuineje-haben-die-kreuze-der-gemeinde-aufgestellt-auf-denen-sie-ruhen\/","title":{"rendered":"Die \u00e4lteren B\u00fcrger von Tuineje haben die Kreuze der Gemeinde aufgestellt, auf denen sie ruhen."},"content":{"rendered":"<div class=\"article-content-inner\">\n<p>Die Stadtverwaltung von Tuineje hat anl\u00e4sslich des Tages des Kreuzes, der am 3. Mai begangen wird, einen bewegenden Tag begangen, indem sie eine beliebte Tradition f\u00f6rderte: das Aufstellen der Ruhekreuze und der drei Kalvarienkreuze in der Gemeinde. An dieser Aktivit\u00e4t hat eine Gruppe \u00e4lterer Menschen teilgenommen, die mit Enthusiasmus und Weisheit zu dieser Initiative beigetragen haben, die darauf abzielt, die Geschichte und die lokalen Traditionen zu retten und zu bewahren. <\/p>\n<p>W\u00e4hrend des Tages wurden die Teilnehmer von der B\u00fcrgermeisterin von Tuineje, Candelaria Umpi\u00e9rrez, der Stadtr\u00e4tin f\u00fcr \u00e4ltere Menschen, Noelia Garc\u00eda, und dem Stadtrat f\u00fcr G\u00e4rten, Jonathan Pe\u00f1a, begleitet, die ihr Engagement f\u00fcr die Erhaltung des kulturellen Erbes der Gemeinde zeigten.<\/p>\n<p>Die Kreuze entlang der Stra\u00dfe, die in der Vergangenheit auf Initiative der Bev\u00f6lkerung aufgestellt wurden, symbolisieren bedeutende Momente der lokalen Vergangenheit: Erinnerungen, Trag\u00f6dien oder Freuden, die das kollektive Ged\u00e4chtnis von Tuineje gepr\u00e4gt haben und die es verdienen, bewahrt zu werden.<\/p>\n<p>&#8222;Die Teilnahme unserer \u00e4lteren Menschen an dieser Aktion ist nicht nur eine symbolische Geste, sondern auch eine Art, diejenigen zu w\u00fcrdigen, die diese Traditionen am Leben erhalten haben. Sie sind die H\u00fcter unseres Ged\u00e4chtnisses und ihre Beteiligung an diesem Projekt macht es noch besonderer&#8220;, sagte <strong>Noelia Garc\u00eda<\/strong>, Stadtr\u00e4tin f\u00fcr \u00e4ltere Menschen.<\/p>\n<p>B\u00fcrgermeisterin <strong>Candelaria Umpi\u00e9rrez<\/strong> erkl\u00e4rte ihrerseits, dass &#8222;wir mit dieser Initiative die Beziehungen zwischen den Generationen st\u00e4rken und die Elemente der Landschaft, die unsere Geschichte erz\u00e4hlen, aufwerten&#8220;.<\/p>\n<p>Mit dieser Art von Aktivit\u00e4ten unterstreicht die Stadtverwaltung von Tuineje ihr Engagement f\u00fcr die Erhaltung des immateriellen Erbes und die aktive Teilnahme der \u00e4lteren Menschen am Leben der Gemeinde.<\/p>\n<\/div>\n","protected":false},"excerpt":{"rendered":"<p>Die Stadtverwaltung von Tuineje hat anl\u00e4sslich des Tages des Kreuzes, der am 3. Mai begangen wird, einen bewegenden Tag begangen, indem sie eine beliebte Tradition f\u00f6rderte: das Aufstellen der Ruhekreuze [&hellip;]<\/p>\n","protected":false},"author":1,"featured_media":2724,"comment_status":"open","ping_status":"open","sticky":false,"template":"","format":"standard","meta":{"inline_featured_image":false,"jnews-multi-image_gallery":[],"jnews_single_post":[],"jnews_primary_category":[],"jnews_social_meta":[],"jnews_override_counter":[],"jnews_post_split":[],"footnotes":""},"categories":[299],"tags":[],"class_list":["post-2727","post","type-post","status-publish","format-standard","has-post-thumbnail","hentry","category-tuineje-de"],"jetpack_featured_media_url":"https:\/\/informacionlocal.es\/wp-content\/uploads\/2025\/04\/enramado-1.jpeg","_links":{"self":[{"href":"https:\/\/informacionlocal.es\/de\/wp-json\/wp\/v2\/posts\/2727","targetHints":{"allow":["GET"]}}],"collection":[{"href":"https:\/\/informacionlocal.es\/de\/wp-json\/wp\/v2\/posts"}],"about":[{"href":"https:\/\/informacionlocal.es\/de\/wp-json\/wp\/v2\/types\/post"}],"author":[{"embeddable":true,"href":"https:\/\/informacionlocal.es\/de\/wp-json\/wp\/v2\/users\/1"}],"replies":[{"embeddable":true,"href":"https:\/\/informacionlocal.es\/de\/wp-json\/wp\/v2\/comments?post=2727"}],"version-history":[{"count":0,"href":"https:\/\/informacionlocal.es\/de\/wp-json\/wp\/v2\/posts\/2727\/revisions"}],"wp:featuredmedia":[{"embeddable":true,"href":"https:\/\/informacionlocal.es\/de\/wp-json\/wp\/v2\/media\/2724"}],"wp:attachment":[{"href":"https:\/\/informacionlocal.es\/de\/wp-json\/wp\/v2\/media?parent=2727"}],"wp:term":[{"taxonomy":"category","embeddable":true,"href":"https:\/\/informacionlocal.es\/de\/wp-json\/wp\/v2\/categories?post=2727"},{"taxonomy":"post_tag","embeddable":true,"href":"https:\/\/informacionlocal.es\/de\/wp-json\/wp\/v2\/tags?post=2727"}],"curies":[{"name":"wp","href":"https:\/\/api.w.org\/{rel}","templated":true}]}}