{"id":2715,"date":"2025-04-29T21:54:16","date_gmt":"2025-04-29T21:54:16","guid":{"rendered":"https:\/\/informacionlocal.es\/taste-puerto-del-rosario-wird-in-das-ceip-pablo-neruda-kommen-um-schulkindern-lokale-produkte-naeher-zu-bringen\/"},"modified":"2025-04-29T21:54:16","modified_gmt":"2025-04-29T21:54:16","slug":"taste-puerto-del-rosario-wird-in-das-ceip-pablo-neruda-kommen-um-schulkindern-lokale-produkte-naeher-zu-bringen","status":"publish","type":"post","link":"https:\/\/informacionlocal.es\/de\/taste-puerto-del-rosario-wird-in-das-ceip-pablo-neruda-kommen-um-schulkindern-lokale-produkte-naeher-zu-bringen\/","title":{"rendered":"Taste Puerto del Rosario wird in das CEIP Pablo Neruda kommen, um Schulkindern lokale Produkte n\u00e4her zu bringen."},"content":{"rendered":"<div class=\"entry-content\">\n<p>Am Mittwoch, den 30. April, wird das CEIP Pablo Neruda in Puerto del Rosario Schauplatz einer neuen Ausgabe von <em>Saborea Puerto del Rosario<\/em> sein, einer Initiative, die den Konsum lokaler Produkte f\u00f6rdert und die Arbeit des Prim\u00e4rsektors der Gemeinde hervorhebt.<\/p>\n<p>Die Aktivit\u00e4t, die sich an Schulkinder richtet, findet zwischen 10:00 und 13:00 Uhr statt. An einem Wanderstand haben die Sch\u00fcler die M\u00f6glichkeit, den Reichtum der Produkte der Gemeinde und die Bem\u00fchungen ihrer Erzeuger kennenzulernen. <\/p>\n<p>Die Initiative wird von der Abteilung f\u00fcr den Prim\u00e4rsektor der Stadtverwaltung von Puerto del Rosario in Zusammenarbeit mit dem \u00f6ffentlichen Unternehmen Gesti\u00f3n del Medio Rural de Canarias (GMR Canarias) gef\u00f6rdert, das dem Ministerium f\u00fcr Landwirtschaft, Viehzucht, Fischerei und Ern\u00e4hrungssouver\u00e4nit\u00e4t der Regierung der Kanarischen Inseln untersteht. Es ist Teil der regionalen Strategie <em>Crecer Juntos (Gemeinsam wachsen)<\/em> und der Marke <em>VolcanicXperience<\/em>, die sich f\u00fcr den lokalen Verbrauch und die F\u00f6rderung von Inselprodukten einsetzen. <\/p>\n<p>Der Stadtrat bekr\u00e4ftigt damit sein Engagement f\u00fcr die Nachhaltigkeit, die Unterst\u00fctzung der Fachleute des Prim\u00e4rsektors und die Ausbildung der neuen Generationen in Werten wie verantwortungsbewusstem Konsum und Respekt f\u00fcr lokale Traditionen.<\/p>\n<p>Die Sch\u00fcler des CEIP Pablo Neruda sind eingeladen, an diesem Tag der Entdeckung der Geschm\u00e4cker und Traditionen von Puerto del Rosario teilzunehmen.<\/p>\n<\/div>\n","protected":false},"excerpt":{"rendered":"<p>Am Mittwoch, den 30. April, wird das CEIP Pablo Neruda in Puerto del Rosario Schauplatz einer neuen Ausgabe von Saborea Puerto del Rosario sein, einer Initiative, die den Konsum lokaler [&hellip;]<\/p>\n","protected":false},"author":1,"featured_media":2712,"comment_status":"open","ping_status":"open","sticky":false,"template":"","format":"standard","meta":{"inline_featured_image":false,"jnews-multi-image_gallery":[],"jnews_single_post":[],"jnews_primary_category":[],"jnews_social_meta":[],"jnews_override_counter":[],"jnews_post_split":[],"footnotes":""},"categories":[293],"tags":[],"class_list":["post-2715","post","type-post","status-publish","format-standard","has-post-thumbnail","hentry","category-puerto-del-rosario-de"],"jetpack_featured_media_url":"https:\/\/informacionlocal.es\/wp-content\/uploads\/2025\/04\/saborea-pr-cartel-1.jpg","_links":{"self":[{"href":"https:\/\/informacionlocal.es\/de\/wp-json\/wp\/v2\/posts\/2715","targetHints":{"allow":["GET"]}}],"collection":[{"href":"https:\/\/informacionlocal.es\/de\/wp-json\/wp\/v2\/posts"}],"about":[{"href":"https:\/\/informacionlocal.es\/de\/wp-json\/wp\/v2\/types\/post"}],"author":[{"embeddable":true,"href":"https:\/\/informacionlocal.es\/de\/wp-json\/wp\/v2\/users\/1"}],"replies":[{"embeddable":true,"href":"https:\/\/informacionlocal.es\/de\/wp-json\/wp\/v2\/comments?post=2715"}],"version-history":[{"count":0,"href":"https:\/\/informacionlocal.es\/de\/wp-json\/wp\/v2\/posts\/2715\/revisions"}],"wp:featuredmedia":[{"embeddable":true,"href":"https:\/\/informacionlocal.es\/de\/wp-json\/wp\/v2\/media\/2712"}],"wp:attachment":[{"href":"https:\/\/informacionlocal.es\/de\/wp-json\/wp\/v2\/media?parent=2715"}],"wp:term":[{"taxonomy":"category","embeddable":true,"href":"https:\/\/informacionlocal.es\/de\/wp-json\/wp\/v2\/categories?post=2715"},{"taxonomy":"post_tag","embeddable":true,"href":"https:\/\/informacionlocal.es\/de\/wp-json\/wp\/v2\/tags?post=2715"}],"curies":[{"name":"wp","href":"https:\/\/api.w.org\/{rel}","templated":true}]}}